{"id":1,"date":"2014-02-19T17:17:32","date_gmt":"2014-02-19T15:17:32","guid":{"rendered":"http:\/\/kuenstlerinderschule.amazes.de\/?p=1"},"modified":"2015-02-18T21:12:27","modified_gmt":"2015-02-18T19:12:27","slug":"hallo-welt","status":"publish","type":"post","link":"https:\/\/kuenstlerinderschule.amazes.de\/?p=1","title":{"rendered":"K\u00fcnstler in der Schule \u2026ein Blick zur\u00fcck nach vorn von Matthias Kleiner"},"content":{"rendered":"<p>Seit f\u00fcnf Jahren gibt es das Projekt KidS (K\u00fcnstler in der Schule)! Was anfangs ein Versuch war, ist inzwischen fester Bestandteil unseres Jahresprogramms geworden. Jedes Jahr kommt ein \u201erichtiger\u201c K\u00fcnstler in die Schule und l\u00e4sst die Sch\u00fclerinnen und Sch\u00fcler einer Klasse im f\u00fcnften Jahrgang zu k\u00fcnstlerischen H\u00f6henfl\u00fcgen ansetzen. Wie kommt es, dass dies Jahr f\u00fcr Jahr gelingt?<\/p>\n<p><!--more--><\/p>\n<p>Das ist zun\u00e4chst der Kunstp\u00e4dagogin Angela Gelhaar geschuldet, die ein sehr geschicktes H\u00e4ndchen bei der Auswahl der K\u00fcnstler hat. Sie versteht es, K\u00fcnstler in die Schule zu holen, die eine grenzenlose Geduld und Lust haben, Sch\u00fclerinnen und Sch\u00fcler aus der k\u00fcnstlerischen Reserve zu locken.<\/p>\n<p>Die Sch\u00fclerinnen\u00a0 und Sch\u00fcler sind im f\u00fcnften Jahrgang sehr schnell zu begeistern, wenn sie zu Kreativit\u00e4t und zum Verlassen der bisher bekannten k\u00fcnstlerischen Bahnen im engen Rahmen des Kunstunterrichtes eingeladen werden. Da ist zuerst bei vielen Irritation. Eher skeptisch beobachten sie verr\u00fcckte Ideen von K\u00fcnstlern. Doch schon bald weichen leuchtende Augen dem skeptischen Blick. Eine Idee ergibt die andere und schon entstehen Kunstwerke, die man 11-j\u00e4hrigen Sch\u00fclerinnen und Sch\u00fclern so ohne weiteres nicht zutrauen w\u00fcrde.<\/p>\n<p>Keine Grenzen der Begeisterung gibt es sp\u00e4testens dann, wenn die Ergebnisse der eigenen k\u00fcnstlerischen Arbeit an einem Thema im Rahmen der Pr\u00e4sentation der Schul\u00f6ffentlichkeit vorgestellt werden. Wer einmal von einem Sch\u00fcler oder einer Sch\u00fclerin durch die Ausstellung gef\u00fchrt worden ist, wer einmal erlebt hat, mit welcher Begeisterung und Sachkenntnis die eigene und die Arbeit anderer pr\u00e4sentiert wird, mit welchem Selbstbewusstsein und Stolz die eigenen Kunstwerke gezeigt werden, der wird derartige Projekte nie mehr in Frage stellen! Und der wei\u00df: Ein zweiter wesentlicher Faktor f\u00fcr das gelingen dieses Projektes ist die Begeisterungsf\u00e4higkeit der Sch\u00fclerinnen und Sch\u00fcler<\/p>\n<p>Von jeder Ausstellung bleibt ein Fragment in der Schule zur\u00fcck. So k\u00f6nnen die Sch\u00fclerinnen und Sch\u00fcler auch nach Jahren noch erinnern, woher sie (k\u00fcnstlerisch ) kommen und die Schulgemeinschaft hat eine kollektive Erinnerung an KidS. Mit jedem Projekt w\u00e4chst der Vorrat an k\u00fcnstlerischen Erinnerungen in der Schule. Man kann in der Pausenhalle sehen, wie die Schule sich entwickelt. Das ist besonders f\u00fcr die, die schon lange dabei sind, ein wichtiges Moment: Die sichtbare kollektive Erinnerung.<\/p>\n<p>So wird f\u00fcr alle erkennbar, dass Kunst etwas mit unserer Wirklichkeit zu tun hat. Es ist nicht nur h\u00fcbsches Beiwerk, das man zur Not auch weglassen kann. Kunst bestimmt unsere t\u00e4gliche Wahrnehmung \u2013 zumindestens in der Pausenhalle der Christophorusschle. Insofern ist KidS auch ein politisches Projekt: Hier wird deutlich, dass Kunst in der Schule nicht ein verzichtbares Nebenfach ist. K\u00fcnstler in der Schule sind insofern Anw\u00e4lte f\u00fcr die Wahrnehmung von Kunst als realer und wichtiger Bestandteil unserer Gesellschaft.<\/p>\n","protected":false},"excerpt":{"rendered":"<p>Seit f\u00fcnf Jahren gibt es das Projekt KidS (K\u00fcnstler in der Schule)! Was anfangs ein Versuch war, ist inzwischen fester Bestandteil unseres Jahresprogramms geworden. Jedes Jahr kommt ein \u201erichtiger\u201c K\u00fcnstler in die Schule und l\u00e4sst die Sch\u00fclerinnen und Sch\u00fcler einer Klasse im f\u00fcnften Jahrgang zu k\u00fcnstlerischen H\u00f6henfl\u00fcgen ansetzen. Wie kommt es, dass dies Jahr f\u00fcr <a class=\"read-more\" href=\"https:\/\/kuenstlerinderschule.amazes.de\/?p=1\">... weiterlesen <span class=\"meta-nav\">&rarr;<\/span><\/a><\/p>\n","protected":false},"author":3,"featured_media":0,"comment_status":"closed","ping_status":"open","sticky":false,"template":"","format":"standard","meta":{"_jetpack_newsletter_access":"","_jetpack_dont_email_post_to_subs":false,"_jetpack_newsletter_tier_id":0,"_jetpack_memberships_contains_paywalled_content":false,"_jetpack_feature_clip_id":0,"_jetpack_memberships_contains_paid_content":false,"footnotes":"","jetpack_publicize_message":"","jetpack_publicize_feature_enabled":true,"jetpack_social_post_already_shared":false,"jetpack_social_options":{"image_generator_settings":{"template":"highway","default_image_id":0,"font":"","enabled":false},"version":2},"jetpack_post_was_ever_published":false},"categories":[11],"tags":[],"class_list":["post-1","post","type-post","status-publish","format-standard","hentry","category-archiv"],"jetpack_publicize_connections":[],"jetpack_shortlink":"https:\/\/wp.me\/p4HEU5-1","jetpack_sharing_enabled":true,"jetpack_featured_media_url":"","_links":{"self":[{"href":"https:\/\/kuenstlerinderschule.amazes.de\/index.php?rest_route=\/wp\/v2\/posts\/1","targetHints":{"allow":["GET"]}}],"collection":[{"href":"https:\/\/kuenstlerinderschule.amazes.de\/index.php?rest_route=\/wp\/v2\/posts"}],"about":[{"href":"https:\/\/kuenstlerinderschule.amazes.de\/index.php?rest_route=\/wp\/v2\/types\/post"}],"author":[{"embeddable":true,"href":"https:\/\/kuenstlerinderschule.amazes.de\/index.php?rest_route=\/wp\/v2\/users\/3"}],"replies":[{"embeddable":true,"href":"https:\/\/kuenstlerinderschule.amazes.de\/index.php?rest_route=%2Fwp%2Fv2%2Fcomments&post=1"}],"version-history":[{"count":2,"href":"https:\/\/kuenstlerinderschule.amazes.de\/index.php?rest_route=\/wp\/v2\/posts\/1\/revisions"}],"predecessor-version":[{"id":59,"href":"https:\/\/kuenstlerinderschule.amazes.de\/index.php?rest_route=\/wp\/v2\/posts\/1\/revisions\/59"}],"wp:attachment":[{"href":"https:\/\/kuenstlerinderschule.amazes.de\/index.php?rest_route=%2Fwp%2Fv2%2Fmedia&parent=1"}],"wp:term":[{"taxonomy":"category","embeddable":true,"href":"https:\/\/kuenstlerinderschule.amazes.de\/index.php?rest_route=%2Fwp%2Fv2%2Fcategories&post=1"},{"taxonomy":"post_tag","embeddable":true,"href":"https:\/\/kuenstlerinderschule.amazes.de\/index.php?rest_route=%2Fwp%2Fv2%2Ftags&post=1"}],"curies":[{"name":"wp","href":"https:\/\/api.w.org\/{rel}","templated":true}]}}