{"id":101,"date":"2014-03-20T11:22:28","date_gmt":"2014-03-20T09:22:28","guid":{"rendered":"http:\/\/kuenstlerinderschule.amazes.de\/?p=101"},"modified":"2014-06-17T22:01:39","modified_gmt":"2014-06-17T20:01:39","slug":"haengematten-probeliegen","status":"publish","type":"post","link":"https:\/\/kuenstlerinderschule.amazes.de\/?p=101","title":{"rendered":"H\u00e4ngematten Probeliegen"},"content":{"rendered":"<p style=\"text-align: justify;\"><img data-recalc-dims=\"1\" loading=\"lazy\" decoding=\"async\" data-attachment-id=\"102\" data-permalink=\"https:\/\/kuenstlerinderschule.amazes.de\/?attachment_id=102\" data-orig-file=\"https:\/\/i0.wp.com\/kuenstlerinderschule.amazes.de\/wp-content\/uploads\/2014\/03\/IMG_1241.jpg?fit=4608%2C3456&amp;ssl=1\" data-orig-size=\"4608,3456\" data-comments-opened=\"1\" data-image-meta=\"{&quot;aperture&quot;:&quot;2.7&quot;,&quot;credit&quot;:&quot;&quot;,&quot;camera&quot;:&quot;Canon IXUS 125 HS&quot;,&quot;caption&quot;:&quot;&quot;,&quot;created_timestamp&quot;:&quot;1395054731&quot;,&quot;copyright&quot;:&quot;&quot;,&quot;focal_length&quot;:&quot;4.3&quot;,&quot;iso&quot;:&quot;100&quot;,&quot;shutter_speed&quot;:&quot;0.004&quot;,&quot;title&quot;:&quot;&quot;}\" data-image-title=\"IMG_1241\" data-image-description=\"\" data-image-caption=\"\" data-large-file=\"https:\/\/i0.wp.com\/kuenstlerinderschule.amazes.de\/wp-content\/uploads\/2014\/03\/IMG_1241.jpg?fit=625%2C469&amp;ssl=1\" class=\"alignleft wp-image-102 size-large\" src=\"https:\/\/i0.wp.com\/kuenstlerinderschule.amazes.de\/wp-content\/uploads\/2014\/03\/IMG_1241-1024x768.jpg?resize=625%2C468\" alt=\"IMG_1241\" width=\"625\" height=\"468\" srcset=\"https:\/\/i0.wp.com\/kuenstlerinderschule.amazes.de\/wp-content\/uploads\/2014\/03\/IMG_1241.jpg?resize=1024%2C768&amp;ssl=1 1024w, https:\/\/i0.wp.com\/kuenstlerinderschule.amazes.de\/wp-content\/uploads\/2014\/03\/IMG_1241.jpg?resize=300%2C225&amp;ssl=1 300w, https:\/\/i0.wp.com\/kuenstlerinderschule.amazes.de\/wp-content\/uploads\/2014\/03\/IMG_1241.jpg?resize=960%2C720&amp;ssl=1 960w, https:\/\/i0.wp.com\/kuenstlerinderschule.amazes.de\/wp-content\/uploads\/2014\/03\/IMG_1241.jpg?w=1250&amp;ssl=1 1250w, https:\/\/i0.wp.com\/kuenstlerinderschule.amazes.de\/wp-content\/uploads\/2014\/03\/IMG_1241.jpg?w=1875&amp;ssl=1 1875w\" sizes=\"auto, (max-width: 625px) 100vw, 625px\" \/><\/p>\n<p style=\"text-align: justify;\">Die Vorbereitung der Ausstellung am 4. Juli l\u00e4uft an. In dieser Woche wurden bereits an verschiedenen Orten in der Schule H\u00e4ngematten installiert und getestet. Au\u00dferdem haben sich die Sch\u00fcler gegenseitig in den H\u00e4ngematten zu ihrem Leben in Braunschweig und in der Schule interviewt. Das dokumentierte Material wird die Basis f\u00fcr ein Video, das nach Brasilien geschickt wird.<\/p>\n<p>\u00a0Mit gegenseitigen Videobotschaften soll in den n\u00e4chsten Wochen der Kontakt zu den Sch\u00fclern vom Rio Tupana intensiviert werden.<\/p>\n<p><a href=\"https:\/\/i0.wp.com\/kuenstlerinderschule.amazes.de\/wp-content\/uploads\/2014\/03\/Carla3k-Kopie.jpg\"><img data-recalc-dims=\"1\" loading=\"lazy\" decoding=\"async\" data-attachment-id=\"124\" data-permalink=\"https:\/\/kuenstlerinderschule.amazes.de\/?attachment_id=124\" data-orig-file=\"https:\/\/i0.wp.com\/kuenstlerinderschule.amazes.de\/wp-content\/uploads\/2014\/03\/Carla3k-Kopie.jpg?fit=382%2C252&amp;ssl=1\" data-orig-size=\"382,252\" data-comments-opened=\"1\" data-image-meta=\"{&quot;aperture&quot;:&quot;2.7&quot;,&quot;credit&quot;:&quot;&quot;,&quot;camera&quot;:&quot;Canon IXUS 125 HS&quot;,&quot;caption&quot;:&quot;&quot;,&quot;created_timestamp&quot;:&quot;1395054731&quot;,&quot;copyright&quot;:&quot;&quot;,&quot;focal_length&quot;:&quot;4.3&quot;,&quot;iso&quot;:&quot;100&quot;,&quot;shutter_speed&quot;:&quot;0.004&quot;,&quot;title&quot;:&quot;&quot;}\" data-image-title=\"Carla3k Kopie\" data-image-description=\"\" data-image-caption=\"\" data-large-file=\"https:\/\/i0.wp.com\/kuenstlerinderschule.amazes.de\/wp-content\/uploads\/2014\/03\/Carla3k-Kopie.jpg?fit=382%2C252&amp;ssl=1\" class=\"aligncenter wp-image-124 size-full\" src=\"https:\/\/i0.wp.com\/kuenstlerinderschule.amazes.de\/wp-content\/uploads\/2014\/03\/Carla3k-Kopie.jpg?resize=382%2C252\" alt=\"Carla3k Kopie\" width=\"382\" height=\"252\" srcset=\"https:\/\/i0.wp.com\/kuenstlerinderschule.amazes.de\/wp-content\/uploads\/2014\/03\/Carla3k-Kopie.jpg?w=382&amp;ssl=1 382w, https:\/\/i0.wp.com\/kuenstlerinderschule.amazes.de\/wp-content\/uploads\/2014\/03\/Carla3k-Kopie.jpg?resize=300%2C197&amp;ssl=1 300w\" sizes=\"auto, (max-width: 382px) 100vw, 382px\" \/><\/a><\/p>\n<p>Text von Carla Steinkampf, unsere Reporterin der Woche:<\/p>\n<p style=\"text-align: justify;\">Heute (17.03. 2014) am Anfang der Stunde kam Philipp ,er hat uns dann einen Film, den er mit den Kindern aus \"Rio tupana\" gedreht hat, gezeigt. Sp\u00e4ter sollten wir so einen \u00e4hnlichen Film f\u00fcr die Kinder im Amazonas, in dem vorkommt, wie wir leben, selber drehen. Drau\u00dfen hatte Philipp eine H\u00e4ngematte aufgeh\u00e4ngt. In ihr durften wir probeliegen und sollten die Fragen beantworten, die ein paar Kinder uns gestellt hatten, z.B. solche Fragen wie: w\u00fcrdet Ihr die H\u00e4ngematte gegen dein Bett eintauschen? Es war sehr lustig, denn es gab in jeder kleinen Gruppe einen Interviewer, einen Kameramann und einer nahm den Sound auf. Jeder bekam die Fragen mal gestellt.<\/p>\n","protected":false},"excerpt":{"rendered":"<p>Die Vorbereitung der Ausstellung am 4. Juli l\u00e4uft an. In dieser Woche wurden bereits an verschiedenen Orten in der Schule H\u00e4ngematten installiert und getestet. Au\u00dferdem haben sich die Sch\u00fcler gegenseitig in den H\u00e4ngematten zu ihrem Leben in Braunschweig und in der Schule interviewt. Das dokumentierte Material wird die Basis f\u00fcr ein Video, das nach Brasilien <a class=\"read-more\" href=\"https:\/\/kuenstlerinderschule.amazes.de\/?p=101\">... weiterlesen <span class=\"meta-nav\">&rarr;<\/span><\/a><\/p>\n","protected":false},"author":3,"featured_media":0,"comment_status":"open","ping_status":"closed","sticky":false,"template":"","format":"standard","meta":{"_jetpack_newsletter_access":"","_jetpack_dont_email_post_to_subs":false,"_jetpack_newsletter_tier_id":0,"_jetpack_memberships_contains_paywalled_content":false,"_jetpack_feature_clip_id":0,"_jetpack_memberships_contains_paid_content":false,"footnotes":"","jetpack_publicize_message":"","jetpack_publicize_feature_enabled":true,"jetpack_social_post_already_shared":false,"jetpack_social_options":{"image_generator_settings":{"template":"highway","default_image_id":0,"font":"","enabled":false},"version":2},"jetpack_post_was_ever_published":false},"categories":[11],"tags":[],"class_list":["post-101","post","type-post","status-publish","format-standard","hentry","category-archiv"],"jetpack_publicize_connections":[],"jetpack_shortlink":"https:\/\/wp.me\/p4HEU5-1D","jetpack_sharing_enabled":true,"jetpack_featured_media_url":"","_links":{"self":[{"href":"https:\/\/kuenstlerinderschule.amazes.de\/index.php?rest_route=\/wp\/v2\/posts\/101","targetHints":{"allow":["GET"]}}],"collection":[{"href":"https:\/\/kuenstlerinderschule.amazes.de\/index.php?rest_route=\/wp\/v2\/posts"}],"about":[{"href":"https:\/\/kuenstlerinderschule.amazes.de\/index.php?rest_route=\/wp\/v2\/types\/post"}],"author":[{"embeddable":true,"href":"https:\/\/kuenstlerinderschule.amazes.de\/index.php?rest_route=\/wp\/v2\/users\/3"}],"replies":[{"embeddable":true,"href":"https:\/\/kuenstlerinderschule.amazes.de\/index.php?rest_route=%2Fwp%2Fv2%2Fcomments&post=101"}],"version-history":[{"count":11,"href":"https:\/\/kuenstlerinderschule.amazes.de\/index.php?rest_route=\/wp\/v2\/posts\/101\/revisions"}],"predecessor-version":[{"id":445,"href":"https:\/\/kuenstlerinderschule.amazes.de\/index.php?rest_route=\/wp\/v2\/posts\/101\/revisions\/445"}],"wp:attachment":[{"href":"https:\/\/kuenstlerinderschule.amazes.de\/index.php?rest_route=%2Fwp%2Fv2%2Fmedia&parent=101"}],"wp:term":[{"taxonomy":"category","embeddable":true,"href":"https:\/\/kuenstlerinderschule.amazes.de\/index.php?rest_route=%2Fwp%2Fv2%2Fcategories&post=101"},{"taxonomy":"post_tag","embeddable":true,"href":"https:\/\/kuenstlerinderschule.amazes.de\/index.php?rest_route=%2Fwp%2Fv2%2Ftags&post=101"}],"curies":[{"name":"wp","href":"https:\/\/api.w.org\/{rel}","templated":true}]}}