{"id":1333,"date":"2015-07-05T12:01:27","date_gmt":"2015-07-05T10:01:27","guid":{"rendered":"http:\/\/kuenstlerinderschule.amazes.de\/?p=1333"},"modified":"2016-02-22T01:59:58","modified_gmt":"2016-02-21T23:59:58","slug":"geschenk-der-natur","status":"publish","type":"post","link":"https:\/\/kuenstlerinderschule.amazes.de\/?p=1333","title":{"rendered":"Geschenk der Natur"},"content":{"rendered":"<p><strong><span style=\"color: #808000;\">von Chiara Gadaleta<\/span><\/strong><\/p>\n<p><span style=\"color: #808000;\">Mode ist ein wichtiger kultureller Ausdruck, durch den neue Tendenzen aufgezeigt, Informationen verbreitet und viele Menschen mit ihrer neuen Botschaften erreicht werden k\u00f6nnen. In diesem Sinne habe ich ECOERA gegr\u00fcndet, als einen Raum f\u00fcr eine neue Mode. Eine ethische Mode, die die Forderung nach bewusstem Konsumverhalten, die F\u00f6rderung des Handwerks und des Fairen Handels, das Recycling, kurz, alle Aspekte der Nachhaltigkeit beinhaltet.<\/span><br \/>\n<span style=\"color: #808000;\"> F\u00fcr uns, von ECOERA, kann Mode Leben ver\u00e4ndern und ein Agent f\u00fcr Transformation sein.<\/span><\/p>\n<p><a href=\"https:\/\/i0.wp.com\/kuenstlerinderschule.amazes.de\/wp-content\/uploads\/2015\/07\/IMG_4234.jpg\"><img data-recalc-dims=\"1\" loading=\"lazy\" decoding=\"async\" data-attachment-id=\"1334\" data-permalink=\"https:\/\/kuenstlerinderschule.amazes.de\/?attachment_id=1334\" data-orig-file=\"https:\/\/i0.wp.com\/kuenstlerinderschule.amazes.de\/wp-content\/uploads\/2015\/07\/IMG_4234.jpg?fit=5184%2C3456&amp;ssl=1\" data-orig-size=\"5184,3456\" data-comments-opened=\"1\" data-image-meta=\"{&quot;aperture&quot;:&quot;3.5&quot;,&quot;credit&quot;:&quot;&quot;,&quot;camera&quot;:&quot;Canon EOS 7D&quot;,&quot;caption&quot;:&quot;&quot;,&quot;created_timestamp&quot;:&quot;1425566112&quot;,&quot;copyright&quot;:&quot;&quot;,&quot;focal_length&quot;:&quot;28&quot;,&quot;iso&quot;:&quot;160&quot;,&quot;shutter_speed&quot;:&quot;0.033333333333333&quot;,&quot;title&quot;:&quot;&quot;,&quot;orientation&quot;:&quot;1&quot;}\" data-image-title=\"IMG_4234\" data-image-description=\"\" data-image-caption=\"\" data-large-file=\"https:\/\/i0.wp.com\/kuenstlerinderschule.amazes.de\/wp-content\/uploads\/2015\/07\/IMG_4234.jpg?fit=625%2C417&amp;ssl=1\" class=\"alignnone wp-image-1334 size-large\" src=\"https:\/\/i0.wp.com\/kuenstlerinderschule.amazes.de\/wp-content\/uploads\/2015\/07\/IMG_4234-1024x683.jpg?resize=625%2C417\" alt=\"IMG_4234\" width=\"625\" height=\"417\" srcset=\"https:\/\/i0.wp.com\/kuenstlerinderschule.amazes.de\/wp-content\/uploads\/2015\/07\/IMG_4234.jpg?resize=1024%2C683&amp;ssl=1 1024w, https:\/\/i0.wp.com\/kuenstlerinderschule.amazes.de\/wp-content\/uploads\/2015\/07\/IMG_4234.jpg?resize=300%2C200&amp;ssl=1 300w, https:\/\/i0.wp.com\/kuenstlerinderschule.amazes.de\/wp-content\/uploads\/2015\/07\/IMG_4234.jpg?resize=960%2C640&amp;ssl=1 960w, https:\/\/i0.wp.com\/kuenstlerinderschule.amazes.de\/wp-content\/uploads\/2015\/07\/IMG_4234.jpg?w=1250&amp;ssl=1 1250w, https:\/\/i0.wp.com\/kuenstlerinderschule.amazes.de\/wp-content\/uploads\/2015\/07\/IMG_4234.jpg?w=1875&amp;ssl=1 1875w\" sizes=\"auto, (max-width: 625px) 100vw, 625px\" \/><\/a><\/p>\n<p><span style=\"color: #808000;\">Schmuck der Zukunft liegt auf dem Boden. So k\u00f6nnen wir durch symbolische Aktionen, wie das Herstellen und Tragen einer Naturkette, unsere Stimme gegen die Abholzung der W\u00e4lder erheben. Ich habe das Projekt als Modedesignerin in Brasilien begonnen und habe es mit den Kindern am Amazonas weiter entwickelt. Ich freue mich dar\u00fcber, dass die Sch\u00fclerinnen und Sch\u00fcler der Christophorusschule in Braunschweig diese Idee als Zeichen der Hoffnung auf Zukunft bewusst aufgegriffen haben.<\/span><\/p>\n<p><a href=\"https:\/\/i0.wp.com\/kuenstlerinderschule.amazes.de\/wp-content\/uploads\/2015\/07\/DSCN2260.jpg\"><img data-recalc-dims=\"1\" loading=\"lazy\" decoding=\"async\" data-attachment-id=\"1335\" data-permalink=\"https:\/\/kuenstlerinderschule.amazes.de\/?attachment_id=1335\" data-orig-file=\"https:\/\/i0.wp.com\/kuenstlerinderschule.amazes.de\/wp-content\/uploads\/2015\/07\/DSCN2260.jpg?fit=4608%2C3456&amp;ssl=1\" data-orig-size=\"4608,3456\" data-comments-opened=\"1\" data-image-meta=\"{&quot;aperture&quot;:&quot;3.8&quot;,&quot;credit&quot;:&quot;&quot;,&quot;camera&quot;:&quot;COOLPIX P600&quot;,&quot;caption&quot;:&quot;&quot;,&quot;created_timestamp&quot;:&quot;1425918111&quot;,&quot;copyright&quot;:&quot;&quot;,&quot;focal_length&quot;:&quot;7.2&quot;,&quot;iso&quot;:&quot;100&quot;,&quot;shutter_speed&quot;:&quot;0.003125&quot;,&quot;title&quot;:&quot;&quot;,&quot;orientation&quot;:&quot;1&quot;}\" data-image-title=\"DSCN2260\" data-image-description=\"\" data-image-caption=\"\" data-large-file=\"https:\/\/i0.wp.com\/kuenstlerinderschule.amazes.de\/wp-content\/uploads\/2015\/07\/DSCN2260.jpg?fit=625%2C469&amp;ssl=1\" class=\"alignnone wp-image-1335 size-large\" src=\"https:\/\/i0.wp.com\/kuenstlerinderschule.amazes.de\/wp-content\/uploads\/2015\/07\/DSCN2260-1024x768.jpg?resize=625%2C469\" alt=\"DSCN2260\" width=\"625\" height=\"469\" srcset=\"https:\/\/i0.wp.com\/kuenstlerinderschule.amazes.de\/wp-content\/uploads\/2015\/07\/DSCN2260.jpg?resize=1024%2C768&amp;ssl=1 1024w, https:\/\/i0.wp.com\/kuenstlerinderschule.amazes.de\/wp-content\/uploads\/2015\/07\/DSCN2260.jpg?resize=300%2C225&amp;ssl=1 300w, https:\/\/i0.wp.com\/kuenstlerinderschule.amazes.de\/wp-content\/uploads\/2015\/07\/DSCN2260.jpg?resize=960%2C720&amp;ssl=1 960w, https:\/\/i0.wp.com\/kuenstlerinderschule.amazes.de\/wp-content\/uploads\/2015\/07\/DSCN2260.jpg?w=1250&amp;ssl=1 1250w, https:\/\/i0.wp.com\/kuenstlerinderschule.amazes.de\/wp-content\/uploads\/2015\/07\/DSCN2260.jpg?w=1875&amp;ssl=1 1875w\" sizes=\"auto, (max-width: 625px) 100vw, 625px\" \/><\/a><\/p>\n<p>&nbsp;<\/p>\n<hr \/>\n<h1 style=\"text-align: center;\"><span style=\"color: #ff9900;\"><strong>\u00a0KidS 2015<\/strong><\/span><\/h1>\n<p style=\"text-align: center;\"><span style=\"color: #808000;\"><strong>Das Thema in diesem Jahr sind die B\u00e4ume und der Schutz des Urwaldes.<\/strong><\/span><\/p>\n<h3 style=\"text-align: center;\"><span style=\"color: #ff9900;\"><strong>Am 17. 07. 2015 um 15:30 Uhr in der Pausenhalle der Christophorusschule werden eine Foto- und Bilderausstellung unter dem Titel \u201eZwischen den B\u00e4umen\u201c und eine \u00dcberraschungsaktion stattfinden.<\/strong><\/span><\/h3>\n<p style=\"text-align: center;\"><span style=\"color: #808000;\"><strong>Dank dem \"Weihnachtsmailing\" 2014 k\u00f6nnen wir dieses Projekt realisieren.<\/strong><\/span><\/p>\n<p style=\"text-align: center;\"><span style=\"color: #ff9900;\"><strong>Wir bedanken uns herzlich und laden alle zu unserer Veranstaltung ein.<\/strong><\/span><\/p>\n<p><a href=\"https:\/\/i0.wp.com\/kuenstlerinderschule.amazes.de\/wp-content\/uploads\/2015\/02\/Logos2014nebeneinander.jpg\"><img data-recalc-dims=\"1\" loading=\"lazy\" decoding=\"async\" data-attachment-id=\"1074\" data-permalink=\"https:\/\/kuenstlerinderschule.amazes.de\/?attachment_id=1074\" data-orig-file=\"https:\/\/i0.wp.com\/kuenstlerinderschule.amazes.de\/wp-content\/uploads\/2015\/02\/Logos2014nebeneinander.jpg?fit=2480%2C354&amp;ssl=1\" data-orig-size=\"2480,354\" data-comments-opened=\"1\" data-image-meta=\"{&quot;aperture&quot;:&quot;0&quot;,&quot;credit&quot;:&quot;&quot;,&quot;camera&quot;:&quot;&quot;,&quot;caption&quot;:&quot;&quot;,&quot;created_timestamp&quot;:&quot;0&quot;,&quot;copyright&quot;:&quot;&quot;,&quot;focal_length&quot;:&quot;0&quot;,&quot;iso&quot;:&quot;0&quot;,&quot;shutter_speed&quot;:&quot;0&quot;,&quot;title&quot;:&quot;&quot;,&quot;orientation&quot;:&quot;1&quot;}\" data-image-title=\"Logos2014nebeneinander\" data-image-description=\"\" data-image-caption=\"\" data-large-file=\"https:\/\/i0.wp.com\/kuenstlerinderschule.amazes.de\/wp-content\/uploads\/2015\/02\/Logos2014nebeneinander.jpg?fit=625%2C89&amp;ssl=1\" class=\"alignnone wp-image-1074 size-large\" src=\"https:\/\/i0.wp.com\/kuenstlerinderschule.amazes.de\/wp-content\/uploads\/2015\/02\/Logos2014nebeneinander-1024x146.jpg?resize=625%2C89\" alt=\"Logos2014nebeneinander\" width=\"625\" height=\"89\" srcset=\"https:\/\/i0.wp.com\/kuenstlerinderschule.amazes.de\/wp-content\/uploads\/2015\/02\/Logos2014nebeneinander.jpg?resize=1024%2C146&amp;ssl=1 1024w, https:\/\/i0.wp.com\/kuenstlerinderschule.amazes.de\/wp-content\/uploads\/2015\/02\/Logos2014nebeneinander.jpg?resize=300%2C43&amp;ssl=1 300w, https:\/\/i0.wp.com\/kuenstlerinderschule.amazes.de\/wp-content\/uploads\/2015\/02\/Logos2014nebeneinander.jpg?resize=960%2C137&amp;ssl=1 960w, https:\/\/i0.wp.com\/kuenstlerinderschule.amazes.de\/wp-content\/uploads\/2015\/02\/Logos2014nebeneinander.jpg?w=1250&amp;ssl=1 1250w, https:\/\/i0.wp.com\/kuenstlerinderschule.amazes.de\/wp-content\/uploads\/2015\/02\/Logos2014nebeneinander.jpg?w=1875&amp;ssl=1 1875w\" sizes=\"auto, (max-width: 625px) 100vw, 625px\" \/><\/a><\/p>\n<p>&nbsp;<\/p>\n","protected":false},"excerpt":{"rendered":"<p>von Chiara Gadaleta Mode ist ein wichtiger kultureller Ausdruck, durch den neue Tendenzen aufgezeigt, Informationen verbreitet und viele Menschen mit ihrer neuen Botschaften erreicht werden k\u00f6nnen. In diesem Sinne habe ich ECOERA gegr\u00fcndet, als einen Raum f\u00fcr eine neue Mode. Eine ethische Mode, die die Forderung nach bewusstem Konsumverhalten, die F\u00f6rderung des Handwerks und des <a class=\"read-more\" href=\"https:\/\/kuenstlerinderschule.amazes.de\/?p=1333\">... weiterlesen <span class=\"meta-nav\">&rarr;<\/span><\/a><\/p>\n","protected":false},"author":3,"featured_media":0,"comment_status":"open","ping_status":"closed","sticky":false,"template":"","format":"standard","meta":{"_jetpack_newsletter_access":"","_jetpack_dont_email_post_to_subs":false,"_jetpack_newsletter_tier_id":0,"_jetpack_memberships_contains_paywalled_content":false,"_jetpack_feature_clip_id":0,"_jetpack_memberships_contains_paid_content":false,"footnotes":"","jetpack_publicize_message":"","jetpack_publicize_feature_enabled":true,"jetpack_social_post_already_shared":true,"jetpack_social_options":{"image_generator_settings":{"template":"highway","default_image_id":0,"font":"","enabled":false},"version":2},"jetpack_post_was_ever_published":false},"categories":[11],"tags":[],"class_list":["post-1333","post","type-post","status-publish","format-standard","hentry","category-archiv"],"jetpack_publicize_connections":[],"jetpack_shortlink":"https:\/\/wp.me\/p4HEU5-lv","jetpack_sharing_enabled":true,"jetpack_featured_media_url":"","_links":{"self":[{"href":"https:\/\/kuenstlerinderschule.amazes.de\/index.php?rest_route=\/wp\/v2\/posts\/1333","targetHints":{"allow":["GET"]}}],"collection":[{"href":"https:\/\/kuenstlerinderschule.amazes.de\/index.php?rest_route=\/wp\/v2\/posts"}],"about":[{"href":"https:\/\/kuenstlerinderschule.amazes.de\/index.php?rest_route=\/wp\/v2\/types\/post"}],"author":[{"embeddable":true,"href":"https:\/\/kuenstlerinderschule.amazes.de\/index.php?rest_route=\/wp\/v2\/users\/3"}],"replies":[{"embeddable":true,"href":"https:\/\/kuenstlerinderschule.amazes.de\/index.php?rest_route=%2Fwp%2Fv2%2Fcomments&post=1333"}],"version-history":[{"count":5,"href":"https:\/\/kuenstlerinderschule.amazes.de\/index.php?rest_route=\/wp\/v2\/posts\/1333\/revisions"}],"predecessor-version":[{"id":1341,"href":"https:\/\/kuenstlerinderschule.amazes.de\/index.php?rest_route=\/wp\/v2\/posts\/1333\/revisions\/1341"}],"wp:attachment":[{"href":"https:\/\/kuenstlerinderschule.amazes.de\/index.php?rest_route=%2Fwp%2Fv2%2Fmedia&parent=1333"}],"wp:term":[{"taxonomy":"category","embeddable":true,"href":"https:\/\/kuenstlerinderschule.amazes.de\/index.php?rest_route=%2Fwp%2Fv2%2Fcategories&post=1333"},{"taxonomy":"post_tag","embeddable":true,"href":"https:\/\/kuenstlerinderschule.amazes.de\/index.php?rest_route=%2Fwp%2Fv2%2Ftags&post=1333"}],"curies":[{"name":"wp","href":"https:\/\/api.w.org\/{rel}","templated":true}]}}