{"id":138,"date":"2014-05-09T19:38:39","date_gmt":"2014-05-09T17:38:39","guid":{"rendered":"http:\/\/kuenstlerinderschule.amazes.de\/?p=138"},"modified":"2014-06-17T22:01:57","modified_gmt":"2014-06-17T20:01:57","slug":"kinder-im-kunstverein","status":"publish","type":"post","link":"https:\/\/kuenstlerinderschule.amazes.de\/?p=138","title":{"rendered":"Kinder im Kunstverein"},"content":{"rendered":"<p><b>Kinder im Kunstverein \u2013 K\u00fcnstler in der Schule<\/b><\/p>\n<p>&nbsp;<\/p>\n<p style=\"text-align: center;\"><a href=\"https:\/\/i0.wp.com\/kuenstlerinderschule.amazes.de\/wp-content\/uploads\/2014\/05\/IMG_4461.jpg\"><img data-recalc-dims=\"1\" loading=\"lazy\" decoding=\"async\" data-attachment-id=\"140\" data-permalink=\"https:\/\/kuenstlerinderschule.amazes.de\/?attachment_id=140\" data-orig-file=\"https:\/\/i0.wp.com\/kuenstlerinderschule.amazes.de\/wp-content\/uploads\/2014\/05\/IMG_4461.jpg?fit=3264%2C2448&amp;ssl=1\" data-orig-size=\"3264,2448\" data-comments-opened=\"1\" data-image-meta=\"{&quot;aperture&quot;:&quot;8&quot;,&quot;credit&quot;:&quot;&quot;,&quot;camera&quot;:&quot;Canon DIGITAL IXUS 80 IS&quot;,&quot;caption&quot;:&quot;&quot;,&quot;created_timestamp&quot;:&quot;1316088461&quot;,&quot;copyright&quot;:&quot;&quot;,&quot;focal_length&quot;:&quot;6.2&quot;,&quot;iso&quot;:&quot;80&quot;,&quot;shutter_speed&quot;:&quot;0.005&quot;,&quot;title&quot;:&quot;&quot;}\" data-image-title=\"IMG_4461\" data-image-description=\"\" data-image-caption=\"\" data-large-file=\"https:\/\/i0.wp.com\/kuenstlerinderschule.amazes.de\/wp-content\/uploads\/2014\/05\/IMG_4461.jpg?fit=625%2C469&amp;ssl=1\" class=\"size-medium wp-image-140 aligncenter\" alt=\"IMG_4461\" src=\"https:\/\/i0.wp.com\/kuenstlerinderschule.amazes.de\/wp-content\/uploads\/2014\/05\/IMG_4461-300x225.jpg?resize=300%2C225\" width=\"300\" height=\"225\" srcset=\"https:\/\/i0.wp.com\/kuenstlerinderschule.amazes.de\/wp-content\/uploads\/2014\/05\/IMG_4461.jpg?resize=300%2C225&amp;ssl=1 300w, https:\/\/i0.wp.com\/kuenstlerinderschule.amazes.de\/wp-content\/uploads\/2014\/05\/IMG_4461.jpg?resize=1024%2C768&amp;ssl=1 1024w, https:\/\/i0.wp.com\/kuenstlerinderschule.amazes.de\/wp-content\/uploads\/2014\/05\/IMG_4461.jpg?resize=960%2C720&amp;ssl=1 960w, https:\/\/i0.wp.com\/kuenstlerinderschule.amazes.de\/wp-content\/uploads\/2014\/05\/IMG_4461.jpg?w=1250&amp;ssl=1 1250w, https:\/\/i0.wp.com\/kuenstlerinderschule.amazes.de\/wp-content\/uploads\/2014\/05\/IMG_4461.jpg?w=1875&amp;ssl=1 1875w\" sizes=\"auto, (max-width: 300px) 100vw, 300px\" \/><\/a><\/p>\n<p style=\"text-align: justify;\">Nachhaltig soll sie sein, die zeitgem\u00e4\u00dfe Kunstvermittlung. Den Blick sch\u00e4rften und einen Zugang schaffen, m\u00f6glichst im Dialog miteinander und im Rahmen langfristiger Projekte... Doch um dieses Ideal wirklich realisieren zu k\u00f6nnen, braucht es neben der Kunst selbst und engagierten Kunstvermittlern vor allem Lehrer und Schulen, die bereit sind Unterrichtszeit zu \u201eopfern\u201c, Energie in Experimente zu stecken und die Sch\u00fcler zu motivieren.<\/p>\n<p style=\"text-align: justify;\">Genau das schafft Angela Gelhaar mit Unterst\u00fctzung der Christophorusschule und anderer Partner nun bereits seit f\u00fcnf Jahren mit ihrem\u00a0 Kunstvermittlungsformat \u201eK\u00fcnstler in der Schule\u201c.<\/p>\n<p style=\"text-align: justify;\"><b>Der Kunstverein Braunschweig<\/b> ist sehr stolz an drei von f\u00fcnf Projekten mitgewirkt zu haben. Als Ausstellungshaus f\u00fcr zeitgen\u00f6ssische Kunst sind wir besonders gefordert, Menschen jeden Alters die Ausstellungen n\u00e4her zu bringen und zu zeigen, dass sich Kunst nicht dem Leben entzieht, sondern sich vielmehr direkt mit ihm auseinandersetzt und unsere Wahrnehmung sch\u00e4rft. Zur Vorbereitung und Durchf\u00fchrung der Ausstellungen arbeiten wir eng mit den K\u00fcnstlern zusammen. So war es nicht schwer drei K\u00fcnstler f\u00fcr das Projekt \u201eK\u00fcnstler in der Schule\u201c zu gewinnen: Armin B\u00f6hm (im Jahr 2009, Malerei), Claudia Kapp (im Jahr 2011, Installation und Film) und Adrian Williams (im Jahr 2012, Fotografie, Film &amp; Performance).Ganz unterschiedliche Themen und Medien standen somit im Zentrum der Workshops<b>. \u00a0<\/b><\/p>\n<p style=\"text-align: justify;\"><a href=\"https:\/\/i0.wp.com\/kuenstlerinderschule.amazes.de\/wp-content\/uploads\/2014\/02\/KIDS2.jpg\"><img data-recalc-dims=\"1\" loading=\"lazy\" decoding=\"async\" data-attachment-id=\"164\" data-permalink=\"https:\/\/kuenstlerinderschule.amazes.de\/?attachment_id=164\" data-orig-file=\"https:\/\/i0.wp.com\/kuenstlerinderschule.amazes.de\/wp-content\/uploads\/2014\/02\/KIDS2.jpg?fit=591%2C472&amp;ssl=1\" data-orig-size=\"591,472\" data-comments-opened=\"1\" data-image-meta=\"{&quot;aperture&quot;:&quot;2.8&quot;,&quot;credit&quot;:&quot;&quot;,&quot;camera&quot;:&quot;Canon DIGITAL IXUS 80 IS&quot;,&quot;caption&quot;:&quot;&quot;,&quot;created_timestamp&quot;:&quot;1239977929&quot;,&quot;copyright&quot;:&quot;&quot;,&quot;focal_length&quot;:&quot;6.2&quot;,&quot;iso&quot;:&quot;400&quot;,&quot;shutter_speed&quot;:&quot;0.0125&quot;,&quot;title&quot;:&quot;&quot;}\" data-image-title=\"KIDS2\" data-image-description=\"\" data-image-caption=\"\" data-large-file=\"https:\/\/i0.wp.com\/kuenstlerinderschule.amazes.de\/wp-content\/uploads\/2014\/02\/KIDS2.jpg?fit=591%2C472&amp;ssl=1\" class=\"alignnone size-medium wp-image-164\" alt=\"KIDS2\" src=\"https:\/\/i0.wp.com\/kuenstlerinderschule.amazes.de\/wp-content\/uploads\/2014\/02\/KIDS2-300x239.jpg?resize=300%2C239\" width=\"300\" height=\"239\" srcset=\"https:\/\/i0.wp.com\/kuenstlerinderschule.amazes.de\/wp-content\/uploads\/2014\/02\/KIDS2.jpg?resize=300%2C239&amp;ssl=1 300w, https:\/\/i0.wp.com\/kuenstlerinderschule.amazes.de\/wp-content\/uploads\/2014\/02\/KIDS2.jpg?w=591&amp;ssl=1 591w\" sizes=\"auto, (max-width: 300px) 100vw, 300px\" \/><\/a>\u00a0 \u00a0 \u00a0\u00a0<a href=\"https:\/\/i0.wp.com\/kuenstlerinderschule.amazes.de\/wp-content\/uploads\/2014\/05\/Armin_Boehm_P2.jpg\"><img data-recalc-dims=\"1\" loading=\"lazy\" decoding=\"async\" data-attachment-id=\"142\" data-permalink=\"https:\/\/kuenstlerinderschule.amazes.de\/?attachment_id=142\" data-orig-file=\"https:\/\/i0.wp.com\/kuenstlerinderschule.amazes.de\/wp-content\/uploads\/2014\/05\/Armin_Boehm_P2.jpg?fit=591%2C472&amp;ssl=1\" data-orig-size=\"591,472\" data-comments-opened=\"1\" data-image-meta=\"{&quot;aperture&quot;:&quot;7.1&quot;,&quot;credit&quot;:&quot;&quot;,&quot;camera&quot;:&quot;Canon EOS 20D&quot;,&quot;caption&quot;:&quot;&quot;,&quot;created_timestamp&quot;:&quot;1241098395&quot;,&quot;copyright&quot;:&quot;&quot;,&quot;focal_length&quot;:&quot;55&quot;,&quot;iso&quot;:&quot;400&quot;,&quot;shutter_speed&quot;:&quot;0.01&quot;,&quot;title&quot;:&quot;&quot;}\" data-image-title=\"Armin_Boehm_P2\" data-image-description=\"\" data-image-caption=\"\" data-large-file=\"https:\/\/i0.wp.com\/kuenstlerinderschule.amazes.de\/wp-content\/uploads\/2014\/05\/Armin_Boehm_P2.jpg?fit=591%2C472&amp;ssl=1\" class=\"alignnone size-medium wp-image-142\" alt=\"Armin_Boehm_P2\" src=\"https:\/\/i0.wp.com\/kuenstlerinderschule.amazes.de\/wp-content\/uploads\/2014\/05\/Armin_Boehm_P2-300x239.jpg?resize=300%2C239\" width=\"300\" height=\"239\" srcset=\"https:\/\/i0.wp.com\/kuenstlerinderschule.amazes.de\/wp-content\/uploads\/2014\/05\/Armin_Boehm_P2.jpg?resize=300%2C239&amp;ssl=1 300w, https:\/\/i0.wp.com\/kuenstlerinderschule.amazes.de\/wp-content\/uploads\/2014\/05\/Armin_Boehm_P2.jpg?w=591&amp;ssl=1 591w\" sizes=\"auto, (max-width: 300px) 100vw, 300px\" \/><\/a><\/p>\n<p style=\"text-align: justify;\"><b>Armin B\u00f6hm<\/b> beispielsweise nahm die Sch\u00fclerinnen und Sch\u00fcler gleich mit in die Ateliers der Hochschule f\u00fcr Bildende K\u00fcnste, um dort mit ihnen professionell an der Staffelei kreativ zu werden und ihnen zu zeigen, welche Effekte sich mit verschiedenen Farbschichten erzeugen lassen.<\/p>\n<p style=\"text-align: justify;\"><a href=\"https:\/\/i0.wp.com\/kuenstlerinderschule.amazes.de\/wp-content\/uploads\/2014\/05\/Adrian-Williams_Workshop-CJD-1-1.jpg\"><img data-recalc-dims=\"1\" loading=\"lazy\" decoding=\"async\" data-attachment-id=\"152\" data-permalink=\"https:\/\/kuenstlerinderschule.amazes.de\/?attachment_id=152\" data-orig-file=\"https:\/\/i0.wp.com\/kuenstlerinderschule.amazes.de\/wp-content\/uploads\/2014\/05\/Adrian-Williams_Workshop-CJD-1-1.jpg?fit=1997%2C1544&amp;ssl=1\" data-orig-size=\"1997,1544\" data-comments-opened=\"1\" data-image-meta=\"{&quot;aperture&quot;:&quot;4&quot;,&quot;credit&quot;:&quot;&quot;,&quot;camera&quot;:&quot;Canon DIGITAL IXUS 85 IS&quot;,&quot;caption&quot;:&quot;&quot;,&quot;created_timestamp&quot;:&quot;1352819929&quot;,&quot;copyright&quot;:&quot;&quot;,&quot;focal_length&quot;:&quot;11.614&quot;,&quot;iso&quot;:&quot;400&quot;,&quot;shutter_speed&quot;:&quot;0.025&quot;,&quot;title&quot;:&quot;&quot;}\" data-image-title=\"Adrian Williams_Workshop CJD 1-1\" data-image-description=\"\" data-image-caption=\"\" data-large-file=\"https:\/\/i0.wp.com\/kuenstlerinderschule.amazes.de\/wp-content\/uploads\/2014\/05\/Adrian-Williams_Workshop-CJD-1-1.jpg?fit=625%2C483&amp;ssl=1\" class=\"alignnone  wp-image-152\" alt=\"Adrian Williams_Workshop CJD 1-1\" src=\"https:\/\/i0.wp.com\/kuenstlerinderschule.amazes.de\/wp-content\/uploads\/2014\/05\/Adrian-Williams_Workshop-CJD-1-1-300x231.jpg?resize=300%2C244\" width=\"300\" height=\"244\" \/><\/a>\u00a0 \u00a0\u00a0<a href=\"https:\/\/i0.wp.com\/kuenstlerinderschule.amazes.de\/wp-content\/uploads\/2014\/05\/Adrian-Williams_Workshop-CJD-2-Kopie.jpg\"><img data-recalc-dims=\"1\" loading=\"lazy\" decoding=\"async\" data-attachment-id=\"153\" data-permalink=\"https:\/\/kuenstlerinderschule.amazes.de\/?attachment_id=153\" data-orig-file=\"https:\/\/i0.wp.com\/kuenstlerinderschule.amazes.de\/wp-content\/uploads\/2014\/05\/Adrian-Williams_Workshop-CJD-2-Kopie.jpg?fit=2576%2C2096&amp;ssl=1\" data-orig-size=\"2576,2096\" data-comments-opened=\"1\" data-image-meta=\"{&quot;aperture&quot;:&quot;4.9&quot;,&quot;credit&quot;:&quot;&quot;,&quot;camera&quot;:&quot;Canon DIGITAL IXUS 80 IS&quot;,&quot;caption&quot;:&quot;&quot;,&quot;created_timestamp&quot;:&quot;1352821182&quot;,&quot;copyright&quot;:&quot;&quot;,&quot;focal_length&quot;:&quot;18.6&quot;,&quot;iso&quot;:&quot;800&quot;,&quot;shutter_speed&quot;:&quot;0.02&quot;,&quot;title&quot;:&quot;&quot;}\" data-image-title=\"Adrian Williams_Workshop CJD 2 &amp;#8211; Kopie\" data-image-description=\"\" data-image-caption=\"\" data-large-file=\"https:\/\/i0.wp.com\/kuenstlerinderschule.amazes.de\/wp-content\/uploads\/2014\/05\/Adrian-Williams_Workshop-CJD-2-Kopie.jpg?fit=625%2C508&amp;ssl=1\" class=\"alignnone size-medium wp-image-153\" alt=\"Adrian Williams_Workshop CJD 2 - Kopie\" src=\"https:\/\/i0.wp.com\/kuenstlerinderschule.amazes.de\/wp-content\/uploads\/2014\/05\/Adrian-Williams_Workshop-CJD-2-Kopie-300x244.jpg?resize=300%2C244\" width=\"300\" height=\"244\" srcset=\"https:\/\/i0.wp.com\/kuenstlerinderschule.amazes.de\/wp-content\/uploads\/2014\/05\/Adrian-Williams_Workshop-CJD-2-Kopie.jpg?resize=300%2C244&amp;ssl=1 300w, https:\/\/i0.wp.com\/kuenstlerinderschule.amazes.de\/wp-content\/uploads\/2014\/05\/Adrian-Williams_Workshop-CJD-2-Kopie.jpg?resize=1024%2C833&amp;ssl=1 1024w, https:\/\/i0.wp.com\/kuenstlerinderschule.amazes.de\/wp-content\/uploads\/2014\/05\/Adrian-Williams_Workshop-CJD-2-Kopie.jpg?resize=960%2C781&amp;ssl=1 960w, https:\/\/i0.wp.com\/kuenstlerinderschule.amazes.de\/wp-content\/uploads\/2014\/05\/Adrian-Williams_Workshop-CJD-2-Kopie.jpg?w=1250&amp;ssl=1 1250w, https:\/\/i0.wp.com\/kuenstlerinderschule.amazes.de\/wp-content\/uploads\/2014\/05\/Adrian-Williams_Workshop-CJD-2-Kopie.jpg?w=1875&amp;ssl=1 1875w\" sizes=\"auto, (max-width: 300px) 100vw, 300px\" \/><\/a><\/p>\n<p style=\"text-align: justify;\"><b>Adrian Williams<\/b> kam gleich mit zwei Theaterp\u00e4dagoginnen vorbei und experimentierte mit den Sch\u00fclerInnen zum Thema Sound-Performance. Au\u00dferdem brachte sie ihr eigenes kleines Fotoarchiv mit, das Bestandteil von Text-Bild-Collagen wurde.<\/p>\n<p style=\"text-align: justify;\">\u00a0<a href=\"https:\/\/i0.wp.com\/kuenstlerinderschule.amazes.de\/wp-content\/uploads\/2014\/05\/IMG_4599.jpg\"><img data-recalc-dims=\"1\" loading=\"lazy\" decoding=\"async\" data-attachment-id=\"148\" data-permalink=\"https:\/\/kuenstlerinderschule.amazes.de\/?attachment_id=148\" data-orig-file=\"https:\/\/i0.wp.com\/kuenstlerinderschule.amazes.de\/wp-content\/uploads\/2014\/05\/IMG_4599.jpg?fit=3264%2C2448&amp;ssl=1\" data-orig-size=\"3264,2448\" data-comments-opened=\"1\" data-image-meta=\"{&quot;aperture&quot;:&quot;2.8&quot;,&quot;credit&quot;:&quot;&quot;,&quot;camera&quot;:&quot;Canon DIGITAL IXUS 80 IS&quot;,&quot;caption&quot;:&quot;&quot;,&quot;created_timestamp&quot;:&quot;1316686137&quot;,&quot;copyright&quot;:&quot;&quot;,&quot;focal_length&quot;:&quot;6.2&quot;,&quot;iso&quot;:&quot;200&quot;,&quot;shutter_speed&quot;:&quot;0.8&quot;,&quot;title&quot;:&quot;&quot;}\" data-image-title=\"IMG_4599\" data-image-description=\"\" data-image-caption=\"\" data-large-file=\"https:\/\/i0.wp.com\/kuenstlerinderschule.amazes.de\/wp-content\/uploads\/2014\/05\/IMG_4599.jpg?fit=625%2C469&amp;ssl=1\" class=\"alignnone size-medium wp-image-148\" alt=\"IMG_4599\" src=\"https:\/\/i0.wp.com\/kuenstlerinderschule.amazes.de\/wp-content\/uploads\/2014\/05\/IMG_4599-300x225.jpg?resize=300%2C225\" width=\"300\" height=\"225\" srcset=\"https:\/\/i0.wp.com\/kuenstlerinderschule.amazes.de\/wp-content\/uploads\/2014\/05\/IMG_4599.jpg?resize=300%2C225&amp;ssl=1 300w, https:\/\/i0.wp.com\/kuenstlerinderschule.amazes.de\/wp-content\/uploads\/2014\/05\/IMG_4599.jpg?resize=1024%2C768&amp;ssl=1 1024w, https:\/\/i0.wp.com\/kuenstlerinderschule.amazes.de\/wp-content\/uploads\/2014\/05\/IMG_4599.jpg?resize=960%2C720&amp;ssl=1 960w, https:\/\/i0.wp.com\/kuenstlerinderschule.amazes.de\/wp-content\/uploads\/2014\/05\/IMG_4599.jpg?w=1250&amp;ssl=1 1250w, https:\/\/i0.wp.com\/kuenstlerinderschule.amazes.de\/wp-content\/uploads\/2014\/05\/IMG_4599.jpg?w=1875&amp;ssl=1 1875w\" sizes=\"auto, (max-width: 300px) 100vw, 300px\" \/><\/a>\u00a0 \u00a0\u00a0<a href=\"https:\/\/i0.wp.com\/kuenstlerinderschule.amazes.de\/wp-content\/uploads\/2014\/05\/IMG_4538.jpg\"><img data-recalc-dims=\"1\" loading=\"lazy\" decoding=\"async\" data-attachment-id=\"209\" data-permalink=\"https:\/\/kuenstlerinderschule.amazes.de\/?attachment_id=209\" data-orig-file=\"https:\/\/i0.wp.com\/kuenstlerinderschule.amazes.de\/wp-content\/uploads\/2014\/05\/IMG_4538.jpg?fit=3264%2C2448&amp;ssl=1\" data-orig-size=\"3264,2448\" data-comments-opened=\"1\" data-image-meta=\"{&quot;aperture&quot;:&quot;2.8&quot;,&quot;credit&quot;:&quot;&quot;,&quot;camera&quot;:&quot;Canon DIGITAL IXUS 80 IS&quot;,&quot;caption&quot;:&quot;&quot;,&quot;created_timestamp&quot;:&quot;1316680347&quot;,&quot;copyright&quot;:&quot;&quot;,&quot;focal_length&quot;:&quot;6.2&quot;,&quot;iso&quot;:&quot;200&quot;,&quot;shutter_speed&quot;:&quot;0.5&quot;,&quot;title&quot;:&quot;&quot;}\" data-image-title=\"IMG_4538\" data-image-description=\"\" data-image-caption=\"\" data-large-file=\"https:\/\/i0.wp.com\/kuenstlerinderschule.amazes.de\/wp-content\/uploads\/2014\/05\/IMG_4538.jpg?fit=625%2C469&amp;ssl=1\" class=\"alignnone size-medium wp-image-209\" alt=\"IMG_4538\" src=\"https:\/\/i0.wp.com\/kuenstlerinderschule.amazes.de\/wp-content\/uploads\/2014\/05\/IMG_4538-300x225.jpg?resize=300%2C225\" width=\"300\" height=\"225\" srcset=\"https:\/\/i0.wp.com\/kuenstlerinderschule.amazes.de\/wp-content\/uploads\/2014\/05\/IMG_4538.jpg?resize=300%2C225&amp;ssl=1 300w, https:\/\/i0.wp.com\/kuenstlerinderschule.amazes.de\/wp-content\/uploads\/2014\/05\/IMG_4538.jpg?resize=1024%2C768&amp;ssl=1 1024w, https:\/\/i0.wp.com\/kuenstlerinderschule.amazes.de\/wp-content\/uploads\/2014\/05\/IMG_4538.jpg?resize=960%2C720&amp;ssl=1 960w, https:\/\/i0.wp.com\/kuenstlerinderschule.amazes.de\/wp-content\/uploads\/2014\/05\/IMG_4538.jpg?w=1250&amp;ssl=1 1250w, https:\/\/i0.wp.com\/kuenstlerinderschule.amazes.de\/wp-content\/uploads\/2014\/05\/IMG_4538.jpg?w=1875&amp;ssl=1 1875w\" sizes=\"auto, (max-width: 300px) 100vw, 300px\" \/><\/a><\/p>\n<p style=\"text-align: justify;\">2011 fand zur Ausstellung von <b>Claudia Kapp<\/b> ein ganz spezielles Langzeit-Projekt statt. Neben mehreren Terminen in der Ausstellung \u2013 die sich mit Licht, Dunkel und dem Zwielicht, dem Dazwischen besch\u00e4ftigte \u2013 arbeitete die K\u00fcnstlerin zusammen mit den Sch\u00fclern in der Schule an \u201eMaterialbildern\u201c zum Thema und stand danach im Interview Rede und Antwort. Das Thema \u201eLicht und Schatten\u201c begleitete die Sch\u00fclerInnen einige Monate lang durch verschiedene Workshops und Unterrichtseinheiten hindurch. Das freie, kreative Arbeiten mit der Kamera erm\u00f6glichte ihnen ihren \u201etypischen\u201c Alltag in Deutschland einmal auf andere Weise zu beobachten.<\/p>\n<p style=\"text-align: justify;\"><a href=\"https:\/\/i0.wp.com\/kuenstlerinderschule.amazes.de\/wp-content\/uploads\/2014\/05\/IMG_9909.jpg\"><img data-recalc-dims=\"1\" loading=\"lazy\" decoding=\"async\" data-attachment-id=\"145\" data-permalink=\"https:\/\/kuenstlerinderschule.amazes.de\/?attachment_id=145\" data-orig-file=\"https:\/\/i0.wp.com\/kuenstlerinderschule.amazes.de\/wp-content\/uploads\/2014\/05\/IMG_9909.jpg?fit=3264%2C2448&amp;ssl=1\" data-orig-size=\"3264,2448\" data-comments-opened=\"1\" data-image-meta=\"{&quot;aperture&quot;:&quot;2.8&quot;,&quot;credit&quot;:&quot;&quot;,&quot;camera&quot;:&quot;Canon DIGITAL IXUS 80 IS&quot;,&quot;caption&quot;:&quot;&quot;,&quot;created_timestamp&quot;:&quot;1304119416&quot;,&quot;copyright&quot;:&quot;&quot;,&quot;focal_length&quot;:&quot;6.2&quot;,&quot;iso&quot;:&quot;160&quot;,&quot;shutter_speed&quot;:&quot;0.033333333333333&quot;,&quot;title&quot;:&quot;&quot;}\" data-image-title=\"IMG_9909\" data-image-description=\"\" data-image-caption=\"\" data-large-file=\"https:\/\/i0.wp.com\/kuenstlerinderschule.amazes.de\/wp-content\/uploads\/2014\/05\/IMG_9909.jpg?fit=625%2C469&amp;ssl=1\" class=\"alignnone size-medium wp-image-145\" alt=\"IMG_9909\" src=\"https:\/\/i0.wp.com\/kuenstlerinderschule.amazes.de\/wp-content\/uploads\/2014\/05\/IMG_9909-300x225.jpg?resize=300%2C225\" width=\"300\" height=\"225\" srcset=\"https:\/\/i0.wp.com\/kuenstlerinderschule.amazes.de\/wp-content\/uploads\/2014\/05\/IMG_9909.jpg?resize=300%2C225&amp;ssl=1 300w, https:\/\/i0.wp.com\/kuenstlerinderschule.amazes.de\/wp-content\/uploads\/2014\/05\/IMG_9909.jpg?resize=1024%2C768&amp;ssl=1 1024w, https:\/\/i0.wp.com\/kuenstlerinderschule.amazes.de\/wp-content\/uploads\/2014\/05\/IMG_9909.jpg?resize=960%2C720&amp;ssl=1 960w, https:\/\/i0.wp.com\/kuenstlerinderschule.amazes.de\/wp-content\/uploads\/2014\/05\/IMG_9909.jpg?w=1250&amp;ssl=1 1250w, https:\/\/i0.wp.com\/kuenstlerinderschule.amazes.de\/wp-content\/uploads\/2014\/05\/IMG_9909.jpg?w=1875&amp;ssl=1 1875w\" sizes=\"auto, (max-width: 300px) 100vw, 300px\" \/><\/a>\u00a0 \u00a0 \u00a0\u00a0<a href=\"https:\/\/i0.wp.com\/kuenstlerinderschule.amazes.de\/wp-content\/uploads\/2014\/05\/IMG_8913.jpg\"><img data-recalc-dims=\"1\" loading=\"lazy\" decoding=\"async\" data-attachment-id=\"146\" data-permalink=\"https:\/\/kuenstlerinderschule.amazes.de\/?attachment_id=146\" data-orig-file=\"https:\/\/i0.wp.com\/kuenstlerinderschule.amazes.de\/wp-content\/uploads\/2014\/05\/IMG_8913.jpg?fit=3264%2C2448&amp;ssl=1\" data-orig-size=\"3264,2448\" data-comments-opened=\"1\" data-image-meta=\"{&quot;aperture&quot;:&quot;2.8&quot;,&quot;credit&quot;:&quot;&quot;,&quot;camera&quot;:&quot;Canon DIGITAL IXUS 80 IS&quot;,&quot;caption&quot;:&quot;&quot;,&quot;created_timestamp&quot;:&quot;1303488228&quot;,&quot;copyright&quot;:&quot;&quot;,&quot;focal_length&quot;:&quot;6.2&quot;,&quot;iso&quot;:&quot;80&quot;,&quot;shutter_speed&quot;:&quot;0.00125&quot;,&quot;title&quot;:&quot;&quot;}\" data-image-title=\"IMG_8913\" data-image-description=\"\" data-image-caption=\"\" data-large-file=\"https:\/\/i0.wp.com\/kuenstlerinderschule.amazes.de\/wp-content\/uploads\/2014\/05\/IMG_8913.jpg?fit=625%2C469&amp;ssl=1\" class=\"alignnone size-medium wp-image-146\" alt=\"IMG_8913\" src=\"https:\/\/i0.wp.com\/kuenstlerinderschule.amazes.de\/wp-content\/uploads\/2014\/05\/IMG_8913-300x225.jpg?resize=300%2C225\" width=\"300\" height=\"225\" srcset=\"https:\/\/i0.wp.com\/kuenstlerinderschule.amazes.de\/wp-content\/uploads\/2014\/05\/IMG_8913.jpg?resize=300%2C225&amp;ssl=1 300w, https:\/\/i0.wp.com\/kuenstlerinderschule.amazes.de\/wp-content\/uploads\/2014\/05\/IMG_8913.jpg?resize=1024%2C768&amp;ssl=1 1024w, https:\/\/i0.wp.com\/kuenstlerinderschule.amazes.de\/wp-content\/uploads\/2014\/05\/IMG_8913.jpg?resize=960%2C720&amp;ssl=1 960w, https:\/\/i0.wp.com\/kuenstlerinderschule.amazes.de\/wp-content\/uploads\/2014\/05\/IMG_8913.jpg?w=1250&amp;ssl=1 1250w, https:\/\/i0.wp.com\/kuenstlerinderschule.amazes.de\/wp-content\/uploads\/2014\/05\/IMG_8913.jpg?w=1875&amp;ssl=1 1875w\" sizes=\"auto, (max-width: 300px) 100vw, 300px\" \/><\/a><\/p>\n<p style=\"text-align: justify;\">Durch die Kooperation mit der \u201eCasa do Rio\u201c in Brasilien, die von den K\u00fcnstlern Thiago Cavalli Azambuja und Diogo Bo ins Leben gerufen wurde, erhielt das Projekt auch eine interkulturelle Ebene. Durch die Kinder im Amazonasgebiet von Careiro Castanho am Tupana Fluss, lernten die deutschen Sch\u00fclerInnen einen v\u00f6llig anderen Alltag kennen, den die brasilianischen Kinder zuvor in eindrucksvollen Bildern mit der Filmkamera festgehalten hatten. Alle Filme wurden in einer finalen Pr\u00e4sentation in der Ausstellung von Claudia Kapp im Kunstverein gezeigt. Hier konnten gleich f\u00fcnf Filme nebeneinander abgespielt werden, so dass sich neben den Unterschieden auch viele Parallelen zwischen den L\u00e4ndern entdecken lie\u00dfen. Im Sommer 2012 konnten dann sogar alle Ergebnisse dieses umfangreichen Projekts in der Schule einem gr\u00f6\u00dferen Publikum pr\u00e4sentiert werden.<\/p>\n<p style=\"text-align: justify;\"><a href=\"https:\/\/i0.wp.com\/kuenstlerinderschule.amazes.de\/wp-content\/uploads\/2014\/05\/IMG_4723.jpg\"><img data-recalc-dims=\"1\" loading=\"lazy\" decoding=\"async\" data-attachment-id=\"149\" data-permalink=\"https:\/\/kuenstlerinderschule.amazes.de\/?attachment_id=149\" data-orig-file=\"https:\/\/i0.wp.com\/kuenstlerinderschule.amazes.de\/wp-content\/uploads\/2014\/05\/IMG_4723.jpg?fit=3264%2C2448&amp;ssl=1\" data-orig-size=\"3264,2448\" data-comments-opened=\"1\" data-image-meta=\"{&quot;aperture&quot;:&quot;2.8&quot;,&quot;credit&quot;:&quot;&quot;,&quot;camera&quot;:&quot;Canon DIGITAL IXUS 80 IS&quot;,&quot;caption&quot;:&quot;&quot;,&quot;created_timestamp&quot;:&quot;1316701385&quot;,&quot;copyright&quot;:&quot;&quot;,&quot;focal_length&quot;:&quot;6.2&quot;,&quot;iso&quot;:&quot;200&quot;,&quot;shutter_speed&quot;:&quot;0.04&quot;,&quot;title&quot;:&quot;&quot;}\" data-image-title=\"IMG_4723\" data-image-description=\"\" data-image-caption=\"\" data-large-file=\"https:\/\/i0.wp.com\/kuenstlerinderschule.amazes.de\/wp-content\/uploads\/2014\/05\/IMG_4723.jpg?fit=625%2C469&amp;ssl=1\" class=\"alignnone size-medium wp-image-149\" alt=\"IMG_4723\" src=\"https:\/\/i0.wp.com\/kuenstlerinderschule.amazes.de\/wp-content\/uploads\/2014\/05\/IMG_4723-300x225.jpg?resize=300%2C225\" width=\"300\" height=\"225\" srcset=\"https:\/\/i0.wp.com\/kuenstlerinderschule.amazes.de\/wp-content\/uploads\/2014\/05\/IMG_4723.jpg?resize=300%2C225&amp;ssl=1 300w, https:\/\/i0.wp.com\/kuenstlerinderschule.amazes.de\/wp-content\/uploads\/2014\/05\/IMG_4723.jpg?resize=1024%2C768&amp;ssl=1 1024w, https:\/\/i0.wp.com\/kuenstlerinderschule.amazes.de\/wp-content\/uploads\/2014\/05\/IMG_4723.jpg?resize=960%2C720&amp;ssl=1 960w, https:\/\/i0.wp.com\/kuenstlerinderschule.amazes.de\/wp-content\/uploads\/2014\/05\/IMG_4723.jpg?w=1250&amp;ssl=1 1250w, https:\/\/i0.wp.com\/kuenstlerinderschule.amazes.de\/wp-content\/uploads\/2014\/05\/IMG_4723.jpg?w=1875&amp;ssl=1 1875w\" sizes=\"auto, (max-width: 300px) 100vw, 300px\" \/><\/a>\u00a0 \u00a0 \u00a0 <a href=\"https:\/\/i0.wp.com\/kuenstlerinderschule.amazes.de\/wp-content\/uploads\/2014\/05\/IMG_4550.jpg\"><img data-recalc-dims=\"1\" loading=\"lazy\" decoding=\"async\" data-attachment-id=\"150\" data-permalink=\"https:\/\/kuenstlerinderschule.amazes.de\/?attachment_id=150\" data-orig-file=\"https:\/\/i0.wp.com\/kuenstlerinderschule.amazes.de\/wp-content\/uploads\/2014\/05\/IMG_4550.jpg?fit=3264%2C2448&amp;ssl=1\" data-orig-size=\"3264,2448\" data-comments-opened=\"1\" data-image-meta=\"{&quot;aperture&quot;:&quot;2.8&quot;,&quot;credit&quot;:&quot;&quot;,&quot;camera&quot;:&quot;Canon DIGITAL IXUS 80 IS&quot;,&quot;caption&quot;:&quot;&quot;,&quot;created_timestamp&quot;:&quot;1316680662&quot;,&quot;copyright&quot;:&quot;&quot;,&quot;focal_length&quot;:&quot;6.2&quot;,&quot;iso&quot;:&quot;200&quot;,&quot;shutter_speed&quot;:&quot;0.066666666666667&quot;,&quot;title&quot;:&quot;&quot;}\" data-image-title=\"IMG_4550\" data-image-description=\"\" data-image-caption=\"\" data-large-file=\"https:\/\/i0.wp.com\/kuenstlerinderschule.amazes.de\/wp-content\/uploads\/2014\/05\/IMG_4550.jpg?fit=625%2C469&amp;ssl=1\" class=\"alignnone size-medium wp-image-150\" alt=\"IMG_4550\" src=\"https:\/\/i0.wp.com\/kuenstlerinderschule.amazes.de\/wp-content\/uploads\/2014\/05\/IMG_4550-300x225.jpg?resize=300%2C225\" width=\"300\" height=\"225\" srcset=\"https:\/\/i0.wp.com\/kuenstlerinderschule.amazes.de\/wp-content\/uploads\/2014\/05\/IMG_4550.jpg?resize=300%2C225&amp;ssl=1 300w, https:\/\/i0.wp.com\/kuenstlerinderschule.amazes.de\/wp-content\/uploads\/2014\/05\/IMG_4550.jpg?resize=1024%2C768&amp;ssl=1 1024w, https:\/\/i0.wp.com\/kuenstlerinderschule.amazes.de\/wp-content\/uploads\/2014\/05\/IMG_4550.jpg?resize=960%2C720&amp;ssl=1 960w, https:\/\/i0.wp.com\/kuenstlerinderschule.amazes.de\/wp-content\/uploads\/2014\/05\/IMG_4550.jpg?w=1250&amp;ssl=1 1250w, https:\/\/i0.wp.com\/kuenstlerinderschule.amazes.de\/wp-content\/uploads\/2014\/05\/IMG_4550.jpg?w=1875&amp;ssl=1 1875w\" sizes=\"auto, (max-width: 300px) 100vw, 300px\" \/><\/a><\/p>\n<p style=\"text-align: justify;\">Neben Besuchen in den jeweiligen Ausstellungen im Kunstverein und dem praktischen Arbeiten vor Ort, war selbstverst\u00e4ndlich das Zusammentreffen mit den K\u00fcnstlern ein unvergesslicher H\u00f6hepunkt f\u00fcr die Kinder. Neben allen Inhalten, die in den Workshops vermittelt wurden, war es besonders interessant f\u00fcr die Sch\u00fclerInnen Pers\u00f6nliches zu erfahren: \u201eWie wird man \u00fcberhaupt K\u00fcnstler? Wie ist das Leben eines K\u00fcnstlers? Und wie wei\u00df man, dass man K\u00fcnstler werden will?\u201c Gerade dieser Austausch zwischen Kindern, K\u00fcnstlern und Kunstvermittlern an schulischen und au\u00dferschulischen Orten erzeugt eine ganz einzigartige Atmosph\u00e4re, in der die Sch\u00fclerInnen ein freieres und pers\u00f6nlicheres Verh\u00e4ltnis zur Kunst aufbauen k\u00f6nnen. Denn Kunst ist ebenso vielseitig wie die Pers\u00f6nlichkeiten, die hinter und vor (!) den Werken stehen.<\/p>\n<p style=\"text-align: justify;\">Nina Mende<\/p>\n","protected":false},"excerpt":{"rendered":"<p>Kinder im Kunstverein \u2013 K\u00fcnstler in der Schule &nbsp; Nachhaltig soll sie sein, die zeitgem\u00e4\u00dfe Kunstvermittlung. Den Blick sch\u00e4rften und einen Zugang schaffen, m\u00f6glichst im Dialog miteinander und im Rahmen langfristiger Projekte... Doch um dieses Ideal wirklich realisieren zu k\u00f6nnen, braucht es neben der Kunst selbst und engagierten Kunstvermittlern vor allem Lehrer und Schulen, die <a class=\"read-more\" href=\"https:\/\/kuenstlerinderschule.amazes.de\/?p=138\">... weiterlesen <span class=\"meta-nav\">&rarr;<\/span><\/a><\/p>\n","protected":false},"author":3,"featured_media":0,"comment_status":"open","ping_status":"closed","sticky":false,"template":"","format":"standard","meta":{"_jetpack_newsletter_access":"","_jetpack_dont_email_post_to_subs":false,"_jetpack_newsletter_tier_id":0,"_jetpack_memberships_contains_paywalled_content":false,"_jetpack_feature_clip_id":0,"_jetpack_memberships_contains_paid_content":false,"footnotes":"","jetpack_publicize_message":"","jetpack_publicize_feature_enabled":true,"jetpack_social_post_already_shared":false,"jetpack_social_options":{"image_generator_settings":{"template":"highway","default_image_id":0,"font":"","enabled":false},"version":2},"jetpack_post_was_ever_published":false},"categories":[11],"tags":[],"class_list":["post-138","post","type-post","status-publish","format-standard","hentry","category-archiv"],"jetpack_publicize_connections":[],"jetpack_shortlink":"https:\/\/wp.me\/p4HEU5-2e","jetpack_sharing_enabled":true,"jetpack_featured_media_url":"","_links":{"self":[{"href":"https:\/\/kuenstlerinderschule.amazes.de\/index.php?rest_route=\/wp\/v2\/posts\/138","targetHints":{"allow":["GET"]}}],"collection":[{"href":"https:\/\/kuenstlerinderschule.amazes.de\/index.php?rest_route=\/wp\/v2\/posts"}],"about":[{"href":"https:\/\/kuenstlerinderschule.amazes.de\/index.php?rest_route=\/wp\/v2\/types\/post"}],"author":[{"embeddable":true,"href":"https:\/\/kuenstlerinderschule.amazes.de\/index.php?rest_route=\/wp\/v2\/users\/3"}],"replies":[{"embeddable":true,"href":"https:\/\/kuenstlerinderschule.amazes.de\/index.php?rest_route=%2Fwp%2Fv2%2Fcomments&post=138"}],"version-history":[{"count":9,"href":"https:\/\/kuenstlerinderschule.amazes.de\/index.php?rest_route=\/wp\/v2\/posts\/138\/revisions"}],"predecessor-version":[{"id":210,"href":"https:\/\/kuenstlerinderschule.amazes.de\/index.php?rest_route=\/wp\/v2\/posts\/138\/revisions\/210"}],"wp:attachment":[{"href":"https:\/\/kuenstlerinderschule.amazes.de\/index.php?rest_route=%2Fwp%2Fv2%2Fmedia&parent=138"}],"wp:term":[{"taxonomy":"category","embeddable":true,"href":"https:\/\/kuenstlerinderschule.amazes.de\/index.php?rest_route=%2Fwp%2Fv2%2Fcategories&post=138"},{"taxonomy":"post_tag","embeddable":true,"href":"https:\/\/kuenstlerinderschule.amazes.de\/index.php?rest_route=%2Fwp%2Fv2%2Ftags&post=138"}],"curies":[{"name":"wp","href":"https:\/\/api.w.org\/{rel}","templated":true}]}}