{"id":2028,"date":"2017-11-16T01:00:51","date_gmt":"2017-11-15T23:00:51","guid":{"rendered":"http:\/\/kuenstlerinderschule.amazes.de\/?p=2028"},"modified":"2017-11-16T02:11:45","modified_gmt":"2017-11-16T00:11:45","slug":"balance-und-form","status":"publish","type":"post","link":"https:\/\/kuenstlerinderschule.amazes.de\/?p=2028","title":{"rendered":"BALANCE UND FORM"},"content":{"rendered":"<p>Am 2. November 2017 startete das neue Kids Projekt mit der K\u00fcnstlerin Inge Mahn und der 5g1 und 5g2 des CJD Braunschweig zum Thema:<\/p>\n<p>B A L A N C E\u00a0\u00a0 U N D\u00a0\u00a0 F O R M<\/p>\n<p><a href=\"https:\/\/i0.wp.com\/kuenstlerinderschule.amazes.de\/wp-content\/uploads\/2017\/11\/KUNSTVEREIN-3.jpeg\"><img data-recalc-dims=\"1\" loading=\"lazy\" decoding=\"async\" data-attachment-id=\"2031\" data-permalink=\"https:\/\/kuenstlerinderschule.amazes.de\/?attachment_id=2031\" data-orig-file=\"https:\/\/i0.wp.com\/kuenstlerinderschule.amazes.de\/wp-content\/uploads\/2017\/11\/KUNSTVEREIN-3.jpeg?fit=640%2C427&amp;ssl=1\" data-orig-size=\"640,427\" data-comments-opened=\"1\" data-image-meta=\"{&quot;aperture&quot;:&quot;0&quot;,&quot;credit&quot;:&quot;&quot;,&quot;camera&quot;:&quot;&quot;,&quot;caption&quot;:&quot;&quot;,&quot;created_timestamp&quot;:&quot;0&quot;,&quot;copyright&quot;:&quot;&quot;,&quot;focal_length&quot;:&quot;0&quot;,&quot;iso&quot;:&quot;0&quot;,&quot;shutter_speed&quot;:&quot;0&quot;,&quot;title&quot;:&quot;&quot;,&quot;orientation&quot;:&quot;0&quot;}\" data-image-title=\"KUNSTVEREIN-3\" data-image-description=\"\" data-image-caption=\"\" data-large-file=\"https:\/\/i0.wp.com\/kuenstlerinderschule.amazes.de\/wp-content\/uploads\/2017\/11\/KUNSTVEREIN-3.jpeg?fit=625%2C417&amp;ssl=1\" class=\"alignnone size-medium wp-image-2031\" src=\"https:\/\/i0.wp.com\/kuenstlerinderschule.amazes.de\/wp-content\/uploads\/2017\/11\/KUNSTVEREIN-3-300x200.jpeg?resize=300%2C200\" alt=\"\" width=\"300\" height=\"200\" srcset=\"https:\/\/i0.wp.com\/kuenstlerinderschule.amazes.de\/wp-content\/uploads\/2017\/11\/KUNSTVEREIN-3.jpeg?resize=300%2C200&amp;ssl=1 300w, https:\/\/i0.wp.com\/kuenstlerinderschule.amazes.de\/wp-content\/uploads\/2017\/11\/KUNSTVEREIN-3.jpeg?w=640&amp;ssl=1 640w\" sizes=\"auto, (max-width: 300px) 100vw, 300px\" \/><\/a>\u00a0\u00a0\u00a0 <a href=\"https:\/\/i0.wp.com\/kuenstlerinderschule.amazes.de\/wp-content\/uploads\/2017\/11\/KUNSTVEREIN-17.jpeg\"><img data-recalc-dims=\"1\" loading=\"lazy\" decoding=\"async\" data-attachment-id=\"2035\" data-permalink=\"https:\/\/kuenstlerinderschule.amazes.de\/?attachment_id=2035\" data-orig-file=\"https:\/\/i0.wp.com\/kuenstlerinderschule.amazes.de\/wp-content\/uploads\/2017\/11\/KUNSTVEREIN-17.jpeg?fit=640%2C427&amp;ssl=1\" data-orig-size=\"640,427\" data-comments-opened=\"1\" data-image-meta=\"{&quot;aperture&quot;:&quot;0&quot;,&quot;credit&quot;:&quot;&quot;,&quot;camera&quot;:&quot;&quot;,&quot;caption&quot;:&quot;&quot;,&quot;created_timestamp&quot;:&quot;0&quot;,&quot;copyright&quot;:&quot;&quot;,&quot;focal_length&quot;:&quot;0&quot;,&quot;iso&quot;:&quot;0&quot;,&quot;shutter_speed&quot;:&quot;0&quot;,&quot;title&quot;:&quot;&quot;,&quot;orientation&quot;:&quot;0&quot;}\" data-image-title=\"KUNSTVEREIN-17\" data-image-description=\"\" data-image-caption=\"\" data-large-file=\"https:\/\/i0.wp.com\/kuenstlerinderschule.amazes.de\/wp-content\/uploads\/2017\/11\/KUNSTVEREIN-17.jpeg?fit=625%2C417&amp;ssl=1\" class=\"alignnone size-medium wp-image-2035\" src=\"https:\/\/i0.wp.com\/kuenstlerinderschule.amazes.de\/wp-content\/uploads\/2017\/11\/KUNSTVEREIN-17-300x200.jpeg?resize=300%2C200\" alt=\"\" width=\"300\" height=\"200\" srcset=\"https:\/\/i0.wp.com\/kuenstlerinderschule.amazes.de\/wp-content\/uploads\/2017\/11\/KUNSTVEREIN-17.jpeg?resize=300%2C200&amp;ssl=1 300w, https:\/\/i0.wp.com\/kuenstlerinderschule.amazes.de\/wp-content\/uploads\/2017\/11\/KUNSTVEREIN-17.jpeg?w=640&amp;ssl=1 640w\" sizes=\"auto, (max-width: 300px) 100vw, 300px\" \/><\/a><\/p>\n<p>\u201eIn Inge Mahns Arbeiten spielen geometrische Formen eine wichtige Rolle. H\u00e4ufig finden wir sie in Anordnungen mit Alltagsgegenst\u00e4nden wieder, die Balance erfordern. In scheinbar eingefrorenen Bewegungen k\u00f6nnen wir den einen Moment ausmachen, in dem die Balance gehalten werden kann. Eine leichte Ver\u00e4nderung w\u00fcrde den Kippmoment herbeif\u00fchren.\u201c<\/p>\n<p><a href=\"https:\/\/i0.wp.com\/kuenstlerinderschule.amazes.de\/wp-content\/uploads\/2017\/11\/DSC05241.jpg\"><img data-recalc-dims=\"1\" loading=\"lazy\" decoding=\"async\" data-attachment-id=\"2040\" data-permalink=\"https:\/\/kuenstlerinderschule.amazes.de\/?attachment_id=2040\" data-orig-file=\"https:\/\/i0.wp.com\/kuenstlerinderschule.amazes.de\/wp-content\/uploads\/2017\/11\/DSC05241.jpg?fit=5152%2C3864&amp;ssl=1\" data-orig-size=\"5152,3864\" data-comments-opened=\"1\" data-image-meta=\"{&quot;aperture&quot;:&quot;3.3&quot;,&quot;credit&quot;:&quot;&quot;,&quot;camera&quot;:&quot;DSC-W830&quot;,&quot;caption&quot;:&quot;&quot;,&quot;created_timestamp&quot;:&quot;1509619543&quot;,&quot;copyright&quot;:&quot;&quot;,&quot;focal_length&quot;:&quot;4.5&quot;,&quot;iso&quot;:&quot;80&quot;,&quot;shutter_speed&quot;:&quot;0.025&quot;,&quot;title&quot;:&quot;&quot;,&quot;orientation&quot;:&quot;1&quot;}\" data-image-title=\"DSC05241\" data-image-description=\"\" data-image-caption=\"\" data-large-file=\"https:\/\/i0.wp.com\/kuenstlerinderschule.amazes.de\/wp-content\/uploads\/2017\/11\/DSC05241.jpg?fit=625%2C469&amp;ssl=1\" class=\"alignnone wp-image-2040 size-large\" src=\"https:\/\/i0.wp.com\/kuenstlerinderschule.amazes.de\/wp-content\/uploads\/2017\/11\/DSC05241-1024x768.jpg?resize=625%2C469\" alt=\"\" width=\"625\" height=\"469\" srcset=\"https:\/\/i0.wp.com\/kuenstlerinderschule.amazes.de\/wp-content\/uploads\/2017\/11\/DSC05241.jpg?resize=1024%2C768&amp;ssl=1 1024w, https:\/\/i0.wp.com\/kuenstlerinderschule.amazes.de\/wp-content\/uploads\/2017\/11\/DSC05241.jpg?resize=300%2C225&amp;ssl=1 300w, https:\/\/i0.wp.com\/kuenstlerinderschule.amazes.de\/wp-content\/uploads\/2017\/11\/DSC05241.jpg?resize=768%2C576&amp;ssl=1 768w, https:\/\/i0.wp.com\/kuenstlerinderschule.amazes.de\/wp-content\/uploads\/2017\/11\/DSC05241.jpg?resize=960%2C720&amp;ssl=1 960w, https:\/\/i0.wp.com\/kuenstlerinderschule.amazes.de\/wp-content\/uploads\/2017\/11\/DSC05241.jpg?w=1250&amp;ssl=1 1250w, https:\/\/i0.wp.com\/kuenstlerinderschule.amazes.de\/wp-content\/uploads\/2017\/11\/DSC05241.jpg?w=1875&amp;ssl=1 1875w\" sizes=\"auto, (max-width: 625px) 100vw, 625px\" \/><\/a><\/p>\n<p>Mit den Sch\u00fclerInnen des CJD\u00b4s werden wir 2017 und 2018 gemeinsam mit der K\u00fcnstlerin und P\u00e4dagogin Angela Gelhaar und dem Vermittlungsteam des Kunstvereins Braunschweig in mehreren Workshops intensiv arbeiten. Das Thema Balance und Form soll hierbei jedes Mal im Zentrum stehen.<\/p>\n<p><a href=\"https:\/\/i0.wp.com\/kuenstlerinderschule.amazes.de\/wp-content\/uploads\/2017\/11\/KUNSTVEREIN-20.jpg\"><img data-recalc-dims=\"1\" loading=\"lazy\" decoding=\"async\" data-attachment-id=\"2042\" data-permalink=\"https:\/\/kuenstlerinderschule.amazes.de\/?attachment_id=2042\" data-orig-file=\"https:\/\/i0.wp.com\/kuenstlerinderschule.amazes.de\/wp-content\/uploads\/2017\/11\/KUNSTVEREIN-20.jpg?fit=2048%2C1365&amp;ssl=1\" data-orig-size=\"2048,1365\" data-comments-opened=\"1\" data-image-meta=\"{&quot;aperture&quot;:&quot;3.5&quot;,&quot;credit&quot;:&quot;JuPassos&quot;,&quot;camera&quot;:&quot;Canon EOS 6D&quot;,&quot;caption&quot;:&quot;&quot;,&quot;created_timestamp&quot;:&quot;1509631186&quot;,&quot;copyright&quot;:&quot;&quot;,&quot;focal_length&quot;:&quot;50&quot;,&quot;iso&quot;:&quot;2500&quot;,&quot;shutter_speed&quot;:&quot;0.002&quot;,&quot;title&quot;:&quot;&quot;,&quot;orientation&quot;:&quot;1&quot;}\" data-image-title=\"KUNSTVEREIN-20\" data-image-description=\"\" data-image-caption=\"\" data-large-file=\"https:\/\/i0.wp.com\/kuenstlerinderschule.amazes.de\/wp-content\/uploads\/2017\/11\/KUNSTVEREIN-20.jpg?fit=625%2C417&amp;ssl=1\" class=\"alignnone wp-image-2042 size-large\" src=\"https:\/\/i0.wp.com\/kuenstlerinderschule.amazes.de\/wp-content\/uploads\/2017\/11\/KUNSTVEREIN-20-1024x683.jpg?resize=625%2C417\" alt=\"\" width=\"625\" height=\"417\" srcset=\"https:\/\/i0.wp.com\/kuenstlerinderschule.amazes.de\/wp-content\/uploads\/2017\/11\/KUNSTVEREIN-20.jpg?resize=1024%2C683&amp;ssl=1 1024w, https:\/\/i0.wp.com\/kuenstlerinderschule.amazes.de\/wp-content\/uploads\/2017\/11\/KUNSTVEREIN-20.jpg?resize=300%2C200&amp;ssl=1 300w, https:\/\/i0.wp.com\/kuenstlerinderschule.amazes.de\/wp-content\/uploads\/2017\/11\/KUNSTVEREIN-20.jpg?resize=768%2C512&amp;ssl=1 768w, https:\/\/i0.wp.com\/kuenstlerinderschule.amazes.de\/wp-content\/uploads\/2017\/11\/KUNSTVEREIN-20.jpg?resize=960%2C640&amp;ssl=1 960w, https:\/\/i0.wp.com\/kuenstlerinderschule.amazes.de\/wp-content\/uploads\/2017\/11\/KUNSTVEREIN-20.jpg?w=2048&amp;ssl=1 2048w, https:\/\/i0.wp.com\/kuenstlerinderschule.amazes.de\/wp-content\/uploads\/2017\/11\/KUNSTVEREIN-20.jpg?w=1250&amp;ssl=1 1250w, https:\/\/i0.wp.com\/kuenstlerinderschule.amazes.de\/wp-content\/uploads\/2017\/11\/KUNSTVEREIN-20.jpg?w=1875&amp;ssl=1 1875w\" sizes=\"auto, (max-width: 625px) 100vw, 625px\" \/><\/a><\/p>\n<p>&nbsp;<\/p>\n<p>Einen ersten Impuls bekamen die Sch\u00fclerInnen bei dem Ausstellungsbesuch mit Inge Mahn. Sie erhielten Forscherhefte, in denen sie \u00fcber den gesamten Workshopzeitraum hinweg Skizzen und Gedanken festhalten k\u00f6nnen.<\/p>\n<p><a href=\"https:\/\/i0.wp.com\/kuenstlerinderschule.amazes.de\/wp-content\/uploads\/2017\/11\/KUNSTVEREIN-9.jpg\"><img data-recalc-dims=\"1\" loading=\"lazy\" decoding=\"async\" data-attachment-id=\"2044\" data-permalink=\"https:\/\/kuenstlerinderschule.amazes.de\/?attachment_id=2044\" data-orig-file=\"https:\/\/i0.wp.com\/kuenstlerinderschule.amazes.de\/wp-content\/uploads\/2017\/11\/KUNSTVEREIN-9.jpg?fit=2048%2C1365&amp;ssl=1\" data-orig-size=\"2048,1365\" data-comments-opened=\"1\" data-image-meta=\"{&quot;aperture&quot;:&quot;3.5&quot;,&quot;credit&quot;:&quot;JuPassos&quot;,&quot;camera&quot;:&quot;Canon EOS 6D&quot;,&quot;caption&quot;:&quot;&quot;,&quot;created_timestamp&quot;:&quot;1509623060&quot;,&quot;copyright&quot;:&quot;&quot;,&quot;focal_length&quot;:&quot;50&quot;,&quot;iso&quot;:&quot;1000&quot;,&quot;shutter_speed&quot;:&quot;0.005&quot;,&quot;title&quot;:&quot;&quot;,&quot;orientation&quot;:&quot;1&quot;}\" data-image-title=\"KUNSTVEREIN-9\" data-image-description=\"\" data-image-caption=\"\" data-large-file=\"https:\/\/i0.wp.com\/kuenstlerinderschule.amazes.de\/wp-content\/uploads\/2017\/11\/KUNSTVEREIN-9.jpg?fit=625%2C417&amp;ssl=1\" class=\"alignnone size-medium wp-image-2044\" src=\"https:\/\/i0.wp.com\/kuenstlerinderschule.amazes.de\/wp-content\/uploads\/2017\/11\/KUNSTVEREIN-9-300x200.jpg?resize=300%2C200\" alt=\"\" width=\"300\" height=\"200\" srcset=\"https:\/\/i0.wp.com\/kuenstlerinderschule.amazes.de\/wp-content\/uploads\/2017\/11\/KUNSTVEREIN-9.jpg?resize=300%2C200&amp;ssl=1 300w, https:\/\/i0.wp.com\/kuenstlerinderschule.amazes.de\/wp-content\/uploads\/2017\/11\/KUNSTVEREIN-9.jpg?resize=768%2C512&amp;ssl=1 768w, https:\/\/i0.wp.com\/kuenstlerinderschule.amazes.de\/wp-content\/uploads\/2017\/11\/KUNSTVEREIN-9.jpg?resize=1024%2C683&amp;ssl=1 1024w, https:\/\/i0.wp.com\/kuenstlerinderschule.amazes.de\/wp-content\/uploads\/2017\/11\/KUNSTVEREIN-9.jpg?resize=960%2C640&amp;ssl=1 960w, https:\/\/i0.wp.com\/kuenstlerinderschule.amazes.de\/wp-content\/uploads\/2017\/11\/KUNSTVEREIN-9.jpg?w=2048&amp;ssl=1 2048w, https:\/\/i0.wp.com\/kuenstlerinderschule.amazes.de\/wp-content\/uploads\/2017\/11\/KUNSTVEREIN-9.jpg?w=1250&amp;ssl=1 1250w, https:\/\/i0.wp.com\/kuenstlerinderschule.amazes.de\/wp-content\/uploads\/2017\/11\/KUNSTVEREIN-9.jpg?w=1875&amp;ssl=1 1875w\" sizes=\"auto, (max-width: 300px) 100vw, 300px\" \/><\/a> <a href=\"https:\/\/i0.wp.com\/kuenstlerinderschule.amazes.de\/wp-content\/uploads\/2017\/11\/KUNSTVEREIN-10.jpg\"><img data-recalc-dims=\"1\" loading=\"lazy\" decoding=\"async\" data-attachment-id=\"2045\" data-permalink=\"https:\/\/kuenstlerinderschule.amazes.de\/?attachment_id=2045\" data-orig-file=\"https:\/\/i0.wp.com\/kuenstlerinderschule.amazes.de\/wp-content\/uploads\/2017\/11\/KUNSTVEREIN-10.jpg?fit=2048%2C1365&amp;ssl=1\" data-orig-size=\"2048,1365\" data-comments-opened=\"1\" data-image-meta=\"{&quot;aperture&quot;:&quot;3.5&quot;,&quot;credit&quot;:&quot;JuPassos&quot;,&quot;camera&quot;:&quot;Canon EOS 6D&quot;,&quot;caption&quot;:&quot;&quot;,&quot;created_timestamp&quot;:&quot;1509623074&quot;,&quot;copyright&quot;:&quot;&quot;,&quot;focal_length&quot;:&quot;50&quot;,&quot;iso&quot;:&quot;1000&quot;,&quot;shutter_speed&quot;:&quot;0.005&quot;,&quot;title&quot;:&quot;&quot;,&quot;orientation&quot;:&quot;1&quot;}\" data-image-title=\"KUNSTVEREIN-10\" data-image-description=\"\" data-image-caption=\"\" data-large-file=\"https:\/\/i0.wp.com\/kuenstlerinderschule.amazes.de\/wp-content\/uploads\/2017\/11\/KUNSTVEREIN-10.jpg?fit=625%2C417&amp;ssl=1\" class=\"alignnone size-medium wp-image-2045\" src=\"https:\/\/i0.wp.com\/kuenstlerinderschule.amazes.de\/wp-content\/uploads\/2017\/11\/KUNSTVEREIN-10-300x200.jpg?resize=300%2C200\" alt=\"\" width=\"300\" height=\"200\" srcset=\"https:\/\/i0.wp.com\/kuenstlerinderschule.amazes.de\/wp-content\/uploads\/2017\/11\/KUNSTVEREIN-10.jpg?resize=300%2C200&amp;ssl=1 300w, https:\/\/i0.wp.com\/kuenstlerinderschule.amazes.de\/wp-content\/uploads\/2017\/11\/KUNSTVEREIN-10.jpg?resize=768%2C512&amp;ssl=1 768w, https:\/\/i0.wp.com\/kuenstlerinderschule.amazes.de\/wp-content\/uploads\/2017\/11\/KUNSTVEREIN-10.jpg?resize=1024%2C683&amp;ssl=1 1024w, https:\/\/i0.wp.com\/kuenstlerinderschule.amazes.de\/wp-content\/uploads\/2017\/11\/KUNSTVEREIN-10.jpg?resize=960%2C640&amp;ssl=1 960w, https:\/\/i0.wp.com\/kuenstlerinderschule.amazes.de\/wp-content\/uploads\/2017\/11\/KUNSTVEREIN-10.jpg?w=2048&amp;ssl=1 2048w, https:\/\/i0.wp.com\/kuenstlerinderschule.amazes.de\/wp-content\/uploads\/2017\/11\/KUNSTVEREIN-10.jpg?w=1250&amp;ssl=1 1250w, https:\/\/i0.wp.com\/kuenstlerinderschule.amazes.de\/wp-content\/uploads\/2017\/11\/KUNSTVEREIN-10.jpg?w=1875&amp;ssl=1 1875w\" sizes=\"auto, (max-width: 300px) 100vw, 300px\" \/><\/a><\/p>\n<p>Anschlie\u00dfend an den Ausstellungsbesuch mit Inge Mahn machten wir mit den Sch\u00fclerInnen ein kurzes Bewegungsspiel zum Thema Balance und erhielten so auch einen k\u00f6rperlichen Bezug zum Thema.<\/p>\n<p><a href=\"https:\/\/i0.wp.com\/kuenstlerinderschule.amazes.de\/wp-content\/uploads\/2017\/11\/KUNSTVEREIN-25.jpeg\"><img data-recalc-dims=\"1\" loading=\"lazy\" decoding=\"async\" data-attachment-id=\"2036\" data-permalink=\"https:\/\/kuenstlerinderschule.amazes.de\/?attachment_id=2036\" data-orig-file=\"https:\/\/i0.wp.com\/kuenstlerinderschule.amazes.de\/wp-content\/uploads\/2017\/11\/KUNSTVEREIN-25.jpeg?fit=640%2C427&amp;ssl=1\" data-orig-size=\"640,427\" data-comments-opened=\"1\" data-image-meta=\"{&quot;aperture&quot;:&quot;0&quot;,&quot;credit&quot;:&quot;&quot;,&quot;camera&quot;:&quot;&quot;,&quot;caption&quot;:&quot;&quot;,&quot;created_timestamp&quot;:&quot;0&quot;,&quot;copyright&quot;:&quot;&quot;,&quot;focal_length&quot;:&quot;0&quot;,&quot;iso&quot;:&quot;0&quot;,&quot;shutter_speed&quot;:&quot;0&quot;,&quot;title&quot;:&quot;&quot;,&quot;orientation&quot;:&quot;0&quot;}\" data-image-title=\"KUNSTVEREIN-25\" data-image-description=\"\" data-image-caption=\"\" data-large-file=\"https:\/\/i0.wp.com\/kuenstlerinderschule.amazes.de\/wp-content\/uploads\/2017\/11\/KUNSTVEREIN-25.jpeg?fit=625%2C417&amp;ssl=1\" class=\"alignnone size-medium wp-image-2036\" src=\"https:\/\/i0.wp.com\/kuenstlerinderschule.amazes.de\/wp-content\/uploads\/2017\/11\/KUNSTVEREIN-25-300x200.jpeg?resize=300%2C200\" alt=\"\" width=\"300\" height=\"200\" srcset=\"https:\/\/i0.wp.com\/kuenstlerinderschule.amazes.de\/wp-content\/uploads\/2017\/11\/KUNSTVEREIN-25.jpeg?resize=300%2C200&amp;ssl=1 300w, https:\/\/i0.wp.com\/kuenstlerinderschule.amazes.de\/wp-content\/uploads\/2017\/11\/KUNSTVEREIN-25.jpeg?w=640&amp;ssl=1 640w\" sizes=\"auto, (max-width: 300px) 100vw, 300px\" \/><\/a>\u00a0 <a href=\"https:\/\/i0.wp.com\/kuenstlerinderschule.amazes.de\/wp-content\/uploads\/2017\/11\/KUNSTVEREIN-15.jpeg\"><img data-recalc-dims=\"1\" loading=\"lazy\" decoding=\"async\" data-attachment-id=\"2033\" data-permalink=\"https:\/\/kuenstlerinderschule.amazes.de\/?attachment_id=2033\" data-orig-file=\"https:\/\/i0.wp.com\/kuenstlerinderschule.amazes.de\/wp-content\/uploads\/2017\/11\/KUNSTVEREIN-15.jpeg?fit=640%2C427&amp;ssl=1\" data-orig-size=\"640,427\" data-comments-opened=\"1\" data-image-meta=\"{&quot;aperture&quot;:&quot;0&quot;,&quot;credit&quot;:&quot;&quot;,&quot;camera&quot;:&quot;&quot;,&quot;caption&quot;:&quot;&quot;,&quot;created_timestamp&quot;:&quot;0&quot;,&quot;copyright&quot;:&quot;&quot;,&quot;focal_length&quot;:&quot;0&quot;,&quot;iso&quot;:&quot;0&quot;,&quot;shutter_speed&quot;:&quot;0&quot;,&quot;title&quot;:&quot;&quot;,&quot;orientation&quot;:&quot;0&quot;}\" data-image-title=\"KUNSTVEREIN-15\" data-image-description=\"\" data-image-caption=\"\" data-large-file=\"https:\/\/i0.wp.com\/kuenstlerinderschule.amazes.de\/wp-content\/uploads\/2017\/11\/KUNSTVEREIN-15.jpeg?fit=625%2C417&amp;ssl=1\" class=\"alignnone size-medium wp-image-2033\" src=\"https:\/\/i0.wp.com\/kuenstlerinderschule.amazes.de\/wp-content\/uploads\/2017\/11\/KUNSTVEREIN-15-300x200.jpeg?resize=300%2C200\" alt=\"\" width=\"300\" height=\"200\" srcset=\"https:\/\/i0.wp.com\/kuenstlerinderschule.amazes.de\/wp-content\/uploads\/2017\/11\/KUNSTVEREIN-15.jpeg?resize=300%2C200&amp;ssl=1 300w, https:\/\/i0.wp.com\/kuenstlerinderschule.amazes.de\/wp-content\/uploads\/2017\/11\/KUNSTVEREIN-15.jpeg?w=640&amp;ssl=1 640w\" sizes=\"auto, (max-width: 300px) 100vw, 300px\" \/><\/a><\/p>\n<p>In einem 1 st\u00fcndigen Workshop stellten die Sch\u00fclerInnen Pop-Up-Karten her in denen Balance das Thema war.<\/p>\n<h5><\/h5>\n<pre>Fotos: Juliana Passos Braun\r\n\r\nText: Franziska Pester-Homann<\/pre>\n","protected":false},"excerpt":{"rendered":"<p>Am 2. November 2017 startete das neue Kids Projekt mit der K\u00fcnstlerin Inge Mahn und der 5g1 und 5g2 des CJD Braunschweig zum Thema: B A L A N C E\u00a0\u00a0 U N D\u00a0\u00a0 F O R M \u00a0\u00a0\u00a0 \u201eIn Inge Mahns Arbeiten spielen geometrische Formen eine wichtige Rolle. H\u00e4ufig finden wir sie in Anordnungen <a class=\"read-more\" href=\"https:\/\/kuenstlerinderschule.amazes.de\/?p=2028\">... weiterlesen <span class=\"meta-nav\">&rarr;<\/span><\/a><\/p>\n","protected":false},"author":3,"featured_media":0,"comment_status":"open","ping_status":"closed","sticky":false,"template":"","format":"standard","meta":{"_jetpack_newsletter_access":"","_jetpack_dont_email_post_to_subs":false,"_jetpack_newsletter_tier_id":0,"_jetpack_memberships_contains_paywalled_content":false,"_jetpack_feature_clip_id":0,"_jetpack_memberships_contains_paid_content":false,"footnotes":"","jetpack_publicize_message":"","jetpack_publicize_feature_enabled":true,"jetpack_social_post_already_shared":true,"jetpack_social_options":{"image_generator_settings":{"template":"highway","default_image_id":0,"font":"","enabled":false},"version":2},"jetpack_post_was_ever_published":false},"categories":[1],"tags":[],"class_list":["post-2028","post","type-post","status-publish","format-standard","hentry","category-allgemein"],"jetpack_publicize_connections":[],"jetpack_shortlink":"https:\/\/wp.me\/p4HEU5-wI","jetpack_sharing_enabled":true,"jetpack_featured_media_url":"","_links":{"self":[{"href":"https:\/\/kuenstlerinderschule.amazes.de\/index.php?rest_route=\/wp\/v2\/posts\/2028","targetHints":{"allow":["GET"]}}],"collection":[{"href":"https:\/\/kuenstlerinderschule.amazes.de\/index.php?rest_route=\/wp\/v2\/posts"}],"about":[{"href":"https:\/\/kuenstlerinderschule.amazes.de\/index.php?rest_route=\/wp\/v2\/types\/post"}],"author":[{"embeddable":true,"href":"https:\/\/kuenstlerinderschule.amazes.de\/index.php?rest_route=\/wp\/v2\/users\/3"}],"replies":[{"embeddable":true,"href":"https:\/\/kuenstlerinderschule.amazes.de\/index.php?rest_route=%2Fwp%2Fv2%2Fcomments&post=2028"}],"version-history":[{"count":8,"href":"https:\/\/kuenstlerinderschule.amazes.de\/index.php?rest_route=\/wp\/v2\/posts\/2028\/revisions"}],"predecessor-version":[{"id":2085,"href":"https:\/\/kuenstlerinderschule.amazes.de\/index.php?rest_route=\/wp\/v2\/posts\/2028\/revisions\/2085"}],"wp:attachment":[{"href":"https:\/\/kuenstlerinderschule.amazes.de\/index.php?rest_route=%2Fwp%2Fv2%2Fmedia&parent=2028"}],"wp:term":[{"taxonomy":"category","embeddable":true,"href":"https:\/\/kuenstlerinderschule.amazes.de\/index.php?rest_route=%2Fwp%2Fv2%2Fcategories&post=2028"},{"taxonomy":"post_tag","embeddable":true,"href":"https:\/\/kuenstlerinderschule.amazes.de\/index.php?rest_route=%2Fwp%2Fv2%2Ftags&post=2028"}],"curies":[{"name":"wp","href":"https:\/\/api.w.org\/{rel}","templated":true}]}}