{"id":205,"date":"2014-05-21T09:25:22","date_gmt":"2014-05-21T07:25:22","guid":{"rendered":"http:\/\/kuenstlerinderschule.amazes.de\/?p=205"},"modified":"2015-02-18T21:14:05","modified_gmt":"2015-02-18T19:14:05","slug":"einladung-besser-in-der-haengematte","status":"publish","type":"post","link":"https:\/\/kuenstlerinderschule.amazes.de\/?p=205","title":{"rendered":"Einladung &#8211; Besser in der H\u00e4ngematte"},"content":{"rendered":"<p>Wir laden Sie herzlich zu unserer Ausstellung ein.<\/p>\n<p><span class=\"Apple-style-span\" style=\"line-height: 14px;\"><a href=\"http:\/\/kuenstlerinderschule.amazes.de\/wp-content\/uploads\/2014\/06\/Ausstellung-Postkarte_4.pdf\">Ausstellung Postkarte_4<\/a><\/span><\/p>\n<p><a href=\"https:\/\/i0.wp.com\/kuenstlerinderschule.amazes.de\/wp-content\/uploads\/2014\/06\/KV_JUN14_0442.jpg\"><img data-recalc-dims=\"1\" loading=\"lazy\" decoding=\"async\" data-attachment-id=\"455\" data-permalink=\"https:\/\/kuenstlerinderschule.amazes.de\/?attachment_id=455\" data-orig-file=\"https:\/\/i0.wp.com\/kuenstlerinderschule.amazes.de\/wp-content\/uploads\/2014\/06\/KV_JUN14_0442.jpg?fit=1365%2C2048&amp;ssl=1\" data-orig-size=\"1365,2048\" data-comments-opened=\"1\" data-image-meta=\"{&quot;aperture&quot;:&quot;3.5&quot;,&quot;credit&quot;:&quot;Frank Sperling&quot;,&quot;camera&quot;:&quot;Canon EOS 5D Mark III&quot;,&quot;caption&quot;:&quot;&quot;,&quot;created_timestamp&quot;:&quot;1402072738&quot;,&quot;copyright&quot;:&quot;Frank Sperling&quot;,&quot;focal_length&quot;:&quot;35&quot;,&quot;iso&quot;:&quot;400&quot;,&quot;shutter_speed&quot;:&quot;0.008&quot;,&quot;title&quot;:&quot;&quot;}\" data-image-title=\"KV_JUN14_0442\" data-image-description=\"\" data-image-caption=\"\" data-large-file=\"https:\/\/i0.wp.com\/kuenstlerinderschule.amazes.de\/wp-content\/uploads\/2014\/06\/KV_JUN14_0442.jpg?fit=625%2C938&amp;ssl=1\" class=\"alignnone wp-image-455 size-large\" src=\"https:\/\/i0.wp.com\/kuenstlerinderschule.amazes.de\/wp-content\/uploads\/2014\/06\/KV_JUN14_0442-682x1024.jpg?resize=625%2C938\" alt=\"KV_JUN14_0442\" width=\"625\" height=\"938\" srcset=\"https:\/\/i0.wp.com\/kuenstlerinderschule.amazes.de\/wp-content\/uploads\/2014\/06\/KV_JUN14_0442.jpg?resize=682%2C1024&amp;ssl=1 682w, https:\/\/i0.wp.com\/kuenstlerinderschule.amazes.de\/wp-content\/uploads\/2014\/06\/KV_JUN14_0442.jpg?resize=199%2C300&amp;ssl=1 199w, https:\/\/i0.wp.com\/kuenstlerinderschule.amazes.de\/wp-content\/uploads\/2014\/06\/KV_JUN14_0442.jpg?resize=960%2C1440&amp;ssl=1 960w, https:\/\/i0.wp.com\/kuenstlerinderschule.amazes.de\/wp-content\/uploads\/2014\/06\/KV_JUN14_0442.jpg?w=1365&amp;ssl=1 1365w, https:\/\/i0.wp.com\/kuenstlerinderschule.amazes.de\/wp-content\/uploads\/2014\/06\/KV_JUN14_0442.jpg?w=1250&amp;ssl=1 1250w\" sizes=\"auto, (max-width: 625px) 100vw, 625px\" \/><\/a><\/p>\n<p><strong>\"MELHOR NA REDE\" (Besser in der H\u00e4ngematte).<\/strong><\/p>\n<p><a href=\"https:\/\/i0.wp.com\/kuenstlerinderschule.amazes.de\/wp-content\/uploads\/2014\/02\/IMG_1633.jpg\"><img data-recalc-dims=\"1\" loading=\"lazy\" decoding=\"async\" data-attachment-id=\"176\" data-permalink=\"https:\/\/kuenstlerinderschule.amazes.de\/?attachment_id=176\" data-orig-file=\"https:\/\/i0.wp.com\/kuenstlerinderschule.amazes.de\/wp-content\/uploads\/2014\/02\/IMG_1633.jpg?fit=3264%2C2448&amp;ssl=1\" data-orig-size=\"3264,2448\" data-comments-opened=\"1\" data-image-meta=\"{&quot;aperture&quot;:&quot;2.8&quot;,&quot;credit&quot;:&quot;&quot;,&quot;camera&quot;:&quot;Canon DIGITAL IXUS 80 IS&quot;,&quot;caption&quot;:&quot;&quot;,&quot;created_timestamp&quot;:&quot;1319902409&quot;,&quot;copyright&quot;:&quot;&quot;,&quot;focal_length&quot;:&quot;6.2&quot;,&quot;iso&quot;:&quot;200&quot;,&quot;shutter_speed&quot;:&quot;0.125&quot;,&quot;title&quot;:&quot;&quot;}\" data-image-title=\"IMG_1633\" data-image-description=\"\" data-image-caption=\"\" data-large-file=\"https:\/\/i0.wp.com\/kuenstlerinderschule.amazes.de\/wp-content\/uploads\/2014\/02\/IMG_1633.jpg?fit=625%2C469&amp;ssl=1\" class=\"alignnone size-medium wp-image-176\" src=\"https:\/\/i0.wp.com\/kuenstlerinderschule.amazes.de\/wp-content\/uploads\/2014\/02\/IMG_1633-300x225.jpg?resize=300%2C225\" alt=\"IMG_1633\" width=\"300\" height=\"225\" srcset=\"https:\/\/i0.wp.com\/kuenstlerinderschule.amazes.de\/wp-content\/uploads\/2014\/02\/IMG_1633.jpg?resize=300%2C225&amp;ssl=1 300w, https:\/\/i0.wp.com\/kuenstlerinderschule.amazes.de\/wp-content\/uploads\/2014\/02\/IMG_1633.jpg?resize=1024%2C768&amp;ssl=1 1024w, https:\/\/i0.wp.com\/kuenstlerinderschule.amazes.de\/wp-content\/uploads\/2014\/02\/IMG_1633.jpg?resize=960%2C720&amp;ssl=1 960w, https:\/\/i0.wp.com\/kuenstlerinderschule.amazes.de\/wp-content\/uploads\/2014\/02\/IMG_1633.jpg?w=1250&amp;ssl=1 1250w, https:\/\/i0.wp.com\/kuenstlerinderschule.amazes.de\/wp-content\/uploads\/2014\/02\/IMG_1633.jpg?w=1875&amp;ssl=1 1875w\" sizes=\"auto, (max-width: 300px) 100vw, 300px\" \/><\/a>\u00a0 \u00a0 \u00a0\u00a0<a href=\"https:\/\/i0.wp.com\/kuenstlerinderschule.amazes.de\/wp-content\/uploads\/2014\/05\/IMG_1267.jpg\"><img data-recalc-dims=\"1\" loading=\"lazy\" decoding=\"async\" data-attachment-id=\"211\" data-permalink=\"https:\/\/kuenstlerinderschule.amazes.de\/?attachment_id=211\" data-orig-file=\"https:\/\/i0.wp.com\/kuenstlerinderschule.amazes.de\/wp-content\/uploads\/2014\/05\/IMG_1267.jpg?fit=4608%2C3456&amp;ssl=1\" data-orig-size=\"4608,3456\" data-comments-opened=\"1\" data-image-meta=\"{&quot;aperture&quot;:&quot;5.6&quot;,&quot;credit&quot;:&quot;&quot;,&quot;camera&quot;:&quot;Canon IXUS 125 HS&quot;,&quot;caption&quot;:&quot;&quot;,&quot;created_timestamp&quot;:&quot;1395056211&quot;,&quot;copyright&quot;:&quot;&quot;,&quot;focal_length&quot;:&quot;19.359&quot;,&quot;iso&quot;:&quot;250&quot;,&quot;shutter_speed&quot;:&quot;0.00625&quot;,&quot;title&quot;:&quot;&quot;}\" data-image-title=\"IMG_1267\" data-image-description=\"\" data-image-caption=\"\" data-large-file=\"https:\/\/i0.wp.com\/kuenstlerinderschule.amazes.de\/wp-content\/uploads\/2014\/05\/IMG_1267.jpg?fit=625%2C469&amp;ssl=1\" class=\"alignnone size-medium wp-image-211\" src=\"https:\/\/i0.wp.com\/kuenstlerinderschule.amazes.de\/wp-content\/uploads\/2014\/05\/IMG_1267-300x225.jpg?resize=300%2C225\" alt=\"IMG_1267\" width=\"300\" height=\"225\" srcset=\"https:\/\/i0.wp.com\/kuenstlerinderschule.amazes.de\/wp-content\/uploads\/2014\/05\/IMG_1267.jpg?resize=300%2C225&amp;ssl=1 300w, https:\/\/i0.wp.com\/kuenstlerinderschule.amazes.de\/wp-content\/uploads\/2014\/05\/IMG_1267.jpg?resize=1024%2C768&amp;ssl=1 1024w, https:\/\/i0.wp.com\/kuenstlerinderschule.amazes.de\/wp-content\/uploads\/2014\/05\/IMG_1267.jpg?resize=960%2C720&amp;ssl=1 960w, https:\/\/i0.wp.com\/kuenstlerinderschule.amazes.de\/wp-content\/uploads\/2014\/05\/IMG_1267.jpg?w=1250&amp;ssl=1 1250w, https:\/\/i0.wp.com\/kuenstlerinderschule.amazes.de\/wp-content\/uploads\/2014\/05\/IMG_1267.jpg?w=1875&amp;ssl=1 1875w\" sizes=\"auto, (max-width: 300px) 100vw, 300px\" \/><\/a><\/p>\n<p>7. bis 9 Juni 2014<\/p>\n<p><b>Er\u00f6ffnung: Freitag, den 6. Juni, 16 Uhr<\/b><\/p>\n<p>Unter der Leitung von Philipp Frackmann konnten Sch\u00fcler der Christophorusschule Braunschweig und Kinder vom Fluss Tupana aus dem Amazonas lernen sich und ihren Alltag gegenseitig kennenlernen. Die H\u00e4ngematte wird dabei zum Gegenstand eines k\u00fcnstlerischen Austauschs. Die von deutschen und brasilianische Sch\u00fclern gestalteten H\u00e4ngematten-Klangobjekte werden num in der Remise des Kunstverein Braunschweig pr\u00e4sentiert. Gemeinsam mit Musikern vom Staatsorchesters Braunschweig k\u00f6nnen die Objekte am 6. Juni in der Ausstellung ausprobiert werden.<\/p>\n<p><b>\u00d6ffnungszeiten:<\/b> 7. Bis 9. Juni 2014, t\u00e4glich 12 bis 18 Uhr - Der Eintritt ist frei!<\/p>\n<p style=\"text-align: justify;\"><strong>Kunstverein Braunschweig<\/strong><\/p>\n<p style=\"text-align: justify;\">Haus Salve Hospes<br \/>\nLessingplatz 12<br \/>\n38100 Braunschweig<\/p>\n","protected":false},"excerpt":{"rendered":"<p>Wir laden Sie herzlich zu unserer Ausstellung ein. Ausstellung Postkarte_4 \"MELHOR NA REDE\" (Besser in der H\u00e4ngematte). \u00a0 \u00a0 \u00a0\u00a0 7. bis 9 Juni 2014 Er\u00f6ffnung: Freitag, den 6. Juni, 16 Uhr Unter der Leitung von Philipp Frackmann konnten Sch\u00fcler der Christophorusschule Braunschweig und Kinder vom Fluss Tupana aus dem Amazonas lernen sich und ihren <a class=\"read-more\" href=\"https:\/\/kuenstlerinderschule.amazes.de\/?p=205\">... weiterlesen <span class=\"meta-nav\">&rarr;<\/span><\/a><\/p>\n","protected":false},"author":3,"featured_media":0,"comment_status":"open","ping_status":"closed","sticky":false,"template":"","format":"standard","meta":{"_jetpack_newsletter_access":"","_jetpack_dont_email_post_to_subs":false,"_jetpack_newsletter_tier_id":0,"_jetpack_memberships_contains_paywalled_content":false,"_jetpack_feature_clip_id":0,"_jetpack_memberships_contains_paid_content":false,"footnotes":"","jetpack_publicize_message":"","jetpack_publicize_feature_enabled":true,"jetpack_social_post_already_shared":false,"jetpack_social_options":{"image_generator_settings":{"template":"highway","default_image_id":0,"font":"","enabled":false},"version":2},"jetpack_post_was_ever_published":false},"categories":[11],"tags":[],"class_list":["post-205","post","type-post","status-publish","format-standard","hentry","category-archiv"],"jetpack_publicize_connections":[],"jetpack_shortlink":"https:\/\/wp.me\/p4HEU5-3j","jetpack_sharing_enabled":true,"jetpack_featured_media_url":"","_links":{"self":[{"href":"https:\/\/kuenstlerinderschule.amazes.de\/index.php?rest_route=\/wp\/v2\/posts\/205","targetHints":{"allow":["GET"]}}],"collection":[{"href":"https:\/\/kuenstlerinderschule.amazes.de\/index.php?rest_route=\/wp\/v2\/posts"}],"about":[{"href":"https:\/\/kuenstlerinderschule.amazes.de\/index.php?rest_route=\/wp\/v2\/types\/post"}],"author":[{"embeddable":true,"href":"https:\/\/kuenstlerinderschule.amazes.de\/index.php?rest_route=\/wp\/v2\/users\/3"}],"replies":[{"embeddable":true,"href":"https:\/\/kuenstlerinderschule.amazes.de\/index.php?rest_route=%2Fwp%2Fv2%2Fcomments&post=205"}],"version-history":[{"count":10,"href":"https:\/\/kuenstlerinderschule.amazes.de\/index.php?rest_route=\/wp\/v2\/posts\/205\/revisions"}],"predecessor-version":[{"id":479,"href":"https:\/\/kuenstlerinderschule.amazes.de\/index.php?rest_route=\/wp\/v2\/posts\/205\/revisions\/479"}],"wp:attachment":[{"href":"https:\/\/kuenstlerinderschule.amazes.de\/index.php?rest_route=%2Fwp%2Fv2%2Fmedia&parent=205"}],"wp:term":[{"taxonomy":"category","embeddable":true,"href":"https:\/\/kuenstlerinderschule.amazes.de\/index.php?rest_route=%2Fwp%2Fv2%2Fcategories&post=205"},{"taxonomy":"post_tag","embeddable":true,"href":"https:\/\/kuenstlerinderschule.amazes.de\/index.php?rest_route=%2Fwp%2Fv2%2Ftags&post=205"}],"curies":[{"name":"wp","href":"https:\/\/api.w.org\/{rel}","templated":true}]}}