{"id":8,"date":"2014-03-19T10:49:45","date_gmt":"2014-03-19T08:49:45","guid":{"rendered":"http:\/\/kuenstlerinderschule.amazes.de\/?p=8"},"modified":"2015-02-18T21:13:05","modified_gmt":"2015-02-18T19:13:05","slug":"das-projekt-geht-weiter-ausblick-fuer-kids-2014","status":"publish","type":"post","link":"https:\/\/kuenstlerinderschule.amazes.de\/?p=8","title":{"rendered":"Das Projekt geht weiter \u2013 Ausblick f\u00fcr 2014:"},"content":{"rendered":"<p style=\"text-align: justify;\"><a href=\"https:\/\/i0.wp.com\/kuenstlerinderschule.amazes.de\/wp-content\/uploads\/2014\/02\/das-projekt-geht-weiter.png\"><img data-recalc-dims=\"1\" loading=\"lazy\" decoding=\"async\" data-attachment-id=\"9\" data-permalink=\"https:\/\/kuenstlerinderschule.amazes.de\/?attachment_id=9\" data-orig-file=\"https:\/\/i0.wp.com\/kuenstlerinderschule.amazes.de\/wp-content\/uploads\/2014\/02\/das-projekt-geht-weiter.png?fit=214%2C160&amp;ssl=1\" data-orig-size=\"214,160\" data-comments-opened=\"0\" data-image-meta=\"{&quot;aperture&quot;:&quot;0&quot;,&quot;credit&quot;:&quot;&quot;,&quot;camera&quot;:&quot;&quot;,&quot;caption&quot;:&quot;&quot;,&quot;created_timestamp&quot;:&quot;0&quot;,&quot;copyright&quot;:&quot;&quot;,&quot;focal_length&quot;:&quot;0&quot;,&quot;iso&quot;:&quot;0&quot;,&quot;shutter_speed&quot;:&quot;0&quot;,&quot;title&quot;:&quot;&quot;}\" data-image-title=\"das-projekt-geht-weiter\" data-image-description=\"\" data-image-caption=\"\" data-large-file=\"https:\/\/i0.wp.com\/kuenstlerinderschule.amazes.de\/wp-content\/uploads\/2014\/02\/das-projekt-geht-weiter.png?fit=214%2C160&amp;ssl=1\" class=\"size-full wp-image-9 alignleft\" src=\"https:\/\/i0.wp.com\/kuenstlerinderschule.amazes.de\/wp-content\/uploads\/2014\/02\/das-projekt-geht-weiter.png?resize=214%2C160\" alt=\"das-projekt-geht-weiter\" width=\"214\" height=\"160\" \/><\/a>Im neuen Jahr geht \u201e<i>K\u00fcnstler in der Schule\u201c<\/i> in seine sechste Runde und der Kontakt zwischen Braunschweig und Fluss Tupana (Amazonas -Brasilien)\u00a0 wird fortgef\u00fchrt: Unterst\u00fctzt von Philipp Frackmann als Vermittler treten Sch\u00fcler beider L\u00e4nder in einen k\u00fcnstlerischen Dialog und arbeiten an gemeinsamen Projekten. Dazu arbeiten wir unter anderem mit Fotographie, Video und Briefen.<\/p>\n<p style=\"text-align: justify;\"><!--more-->Dieses Jahr gibt es daher einen Schwerpunkt auf den Erfahrungen und Ergebnissen der gemeinsamen Arbeit von Sch\u00fclern aus Braunschweig und dem Rio Tupana. Dazu gibt es eine R\u00fcckschau auf die vergangenen f\u00fcnf Jahre \u201e<i>K\u00fcnstler in der Schule\u201c<\/i>. Dieses Jahr ist au\u00dferdem eine Kooperation mit der Musikp\u00e4dagogik und dem Orchester des Staatstheaters Braunschweig geplant, worauf wir uns besonders freuen.<\/p>\n","protected":false},"excerpt":{"rendered":"<p>Im neuen Jahr geht \u201eK\u00fcnstler in der Schule\u201c in seine sechste Runde und der Kontakt zwischen Braunschweig und Fluss Tupana (Amazonas -Brasilien)\u00a0 wird fortgef\u00fchrt: Unterst\u00fctzt von Philipp Frackmann als Vermittler treten Sch\u00fcler beider L\u00e4nder in einen k\u00fcnstlerischen Dialog und arbeiten an gemeinsamen Projekten. Dazu arbeiten wir unter anderem mit Fotographie, Video und Briefen.<\/p>\n","protected":false},"author":3,"featured_media":0,"comment_status":"closed","ping_status":"closed","sticky":true,"template":"","format":"standard","meta":{"_jetpack_newsletter_access":"","_jetpack_dont_email_post_to_subs":false,"_jetpack_newsletter_tier_id":0,"_jetpack_memberships_contains_paywalled_content":false,"_jetpack_feature_clip_id":0,"_jetpack_memberships_contains_paid_content":false,"footnotes":"","jetpack_publicize_message":"","jetpack_publicize_feature_enabled":true,"jetpack_social_post_already_shared":false,"jetpack_social_options":{"image_generator_settings":{"template":"highway","default_image_id":0,"font":"","enabled":false},"version":2},"jetpack_post_was_ever_published":false},"categories":[11],"tags":[],"class_list":["post-8","post","type-post","status-publish","format-standard","hentry","category-archiv"],"jetpack_publicize_connections":[],"jetpack_shortlink":"https:\/\/wp.me\/p4HEU5-8","jetpack_sharing_enabled":true,"jetpack_featured_media_url":"","_links":{"self":[{"href":"https:\/\/kuenstlerinderschule.amazes.de\/index.php?rest_route=\/wp\/v2\/posts\/8","targetHints":{"allow":["GET"]}}],"collection":[{"href":"https:\/\/kuenstlerinderschule.amazes.de\/index.php?rest_route=\/wp\/v2\/posts"}],"about":[{"href":"https:\/\/kuenstlerinderschule.amazes.de\/index.php?rest_route=\/wp\/v2\/types\/post"}],"author":[{"embeddable":true,"href":"https:\/\/kuenstlerinderschule.amazes.de\/index.php?rest_route=\/wp\/v2\/users\/3"}],"replies":[{"embeddable":true,"href":"https:\/\/kuenstlerinderschule.amazes.de\/index.php?rest_route=%2Fwp%2Fv2%2Fcomments&post=8"}],"version-history":[{"count":7,"href":"https:\/\/kuenstlerinderschule.amazes.de\/index.php?rest_route=\/wp\/v2\/posts\/8\/revisions"}],"predecessor-version":[{"id":545,"href":"https:\/\/kuenstlerinderschule.amazes.de\/index.php?rest_route=\/wp\/v2\/posts\/8\/revisions\/545"}],"wp:attachment":[{"href":"https:\/\/kuenstlerinderschule.amazes.de\/index.php?rest_route=%2Fwp%2Fv2%2Fmedia&parent=8"}],"wp:term":[{"taxonomy":"category","embeddable":true,"href":"https:\/\/kuenstlerinderschule.amazes.de\/index.php?rest_route=%2Fwp%2Fv2%2Fcategories&post=8"},{"taxonomy":"post_tag","embeddable":true,"href":"https:\/\/kuenstlerinderschule.amazes.de\/index.php?rest_route=%2Fwp%2Fv2%2Ftags&post=8"}],"curies":[{"name":"wp","href":"https:\/\/api.w.org\/{rel}","templated":true}]}}